{"id":104044,"date":"2020-11-07T13:19:49","date_gmt":"2020-11-07T18:19:49","guid":{"rendered":"https:\/\/linitiative.ca\/International\/compte-unique-du-tresor-autonomie-renforcee-pour-les-entites-publiques\/"},"modified":"2020-11-07T13:19:49","modified_gmt":"2020-11-07T18:19:49","slug":"compte-unique-du-tresor-autonomie-renforcee-pour-les-entites-publiques","status":"publish","type":"post","link":"https:\/\/linitiative.ca\/International\/compte-unique-du-tresor-autonomie-renforcee-pour-les-entites-publiques\/","title":{"rendered":"Compte unique du Tr\u00e9sor: autonomie renforc\u00e9e pour les entit\u00e9s publiques"},"content":{"rendered":"<p>Difficile de dire si cette fois sera la bonne mais l\u2019on jure au minist\u00e8re des Finances (Minfi) que tout est fait pour susciter l\u2019adh\u00e9sion de toutes les parties prenantes \u00e0 la mise en \u0153uvre harmonieuse du Compte unique du Tr\u00e9sor (CUT). A cette fin, le Minfi, Louis Paul Motaze, a r\u00e9cemment conduit un atelier d\u00e9bat \u00e0 Douala sur la r\u00e9forme du CUT. Les travaux qui ont connu la participation d\u2019environ 150 maires, du directeur g\u00e9n\u00e9ral du Feicom, des repr\u00e9sentants du secteur bancaire et du patronat ont abouti \u00e0 l\u2019adoption de la nouvelle architecture du CUT.<\/p>\n<p><strong>Lire aussi<\/strong> : \u00a0<a href=\"https:\/\/ecomatin.net\/finances-publiques-linterminable-reforme-comptable\/\">Finance publique\u00a0: l\u2019interminable r\u00e9forme comptable<\/a><\/p>\n<p>L\u2019atelier organis\u00e9 du 4 au 5 novembre 2020 \u00e0 Kribi pour renforcement des capacit\u00e9s des journalistes de la presse \u00e9conomique sur les r\u00e9formes en cours au minist\u00e8re des Finances a permis aux participants d\u2019en savoir un peu plus sur ce processus. Ainsi, le chef service de la l\u00e9gislation et de la codification \u00e0 la direction g\u00e9n\u00e9rale du Tr\u00e9sor, Pierre Mba, explique qu\u2019on aura d\u00e9sormais \u00ab\u00a0<em>un compte \u2019\u2019pivot\u2019\u2019 qui va centraliser toute la liquidit\u00e9 qui fera l\u2019objet de recouvrement et chaque intervenant aura un relev\u00e9 d\u2019identit\u00e9 bancaire (RIB) qui lui permettra d\u2019agir directement dans le compte de r\u00e8glement soit pour encaisser soit pour d\u00e9caisser<\/em>\u00bb. La r\u00e9forme en cours tranche avec le syst\u00e8me actuel o\u00f9 le CUT est g\u00e9r\u00e9 par l\u2019Agence centrale comptable du Tr\u00e9sor (Acct), seul interlocuteur de l\u2019ensemble du r\u00e9seau comptable de l\u2019Etat vis-\u00e0-vis du syst\u00e8me bancaire auquel il est interconnect\u00e9 par le biais des plateformes Systac et Sygma. Cependant, le champ d\u2019intervention du CUT est encore partiel du fait de la non int\u00e9gration des fonds d\u2019autres entit\u00e9s publiques, notamment les Collectivit\u00e9s territoriales d\u00e9centralis\u00e9es (CTD), les \u00e9tablissements publics, les entreprises publiques, les programmes et projets, etc. Cons\u00e9quence, regrette-t-on au Minfi, on note un volume important de d\u00e9p\u00f4ts publics encore domicili\u00e9s dans le syst\u00e8me bancaire, de l\u2019ordre de 958,867 milliards de FCFA au 31 d\u00e9cembre 2019 contre 1129,7 milliards de FCFA \u00e0 fin d\u00e9cembre 2017. Or, la mobilisation desdits d\u00e9p\u00f4ts aurait permis de r\u00e9sorber la pr\u00e9occupation relative aux impay\u00e9s recens\u00e9s en fin d\u2019exercice (543,5 milliards \u00e0 fin 2019 contre 415,03 milliards \u00e0 fin 2018).<\/p>\n<p><strong>Lire aussi<\/strong> : <a href=\"https:\/\/ecomatin.net\/decentralisation-obligation-de-resultats-pour-les-communes\/\">D\u00e9centralisation\u00a0: obligations de r\u00e9sultat pour les communes\u00a0<\/a><\/p>\n<p><strong>M\u00e9canismes de sauvegarde<\/strong><\/p>\n<p>Pour le cas sp\u00e9cifique des CTD, \u00ab<em>chacun des maires aura un RIB qui lui permettra d\u2019\u00eatre identifi\u00e9 dans le syst\u00e8me du CUT et d\u2019effectuer ses ordres de virement sans plus passer par le Tr\u00e9sor<\/em>\u00a0\u00bb, rassure le directeur de la comptabilit\u00e9 publique au Minfi, Achille Basahag. Ce qui veut dire qu\u2019avec la bascule effective dans le syst\u00e8me du CUT, les maires n\u2019auront plus de liens avec les divers comptables publics locaux que sont les tr\u00e9soriers payeurs g\u00e9n\u00e9raux et les receveurs des finances situ\u00e9s au niveau des d\u00e9partements. Pour le dire simplement, \u00ab il s\u2019agit simplement d\u2019un d\u00e9placement de leurs comptes qui \u00e9taient tenus jusque-l\u00e0 au niveau des banques commerciales et le seront d\u00e9sormais \u00e0 la banque centrale \u00bb.<\/p>\n<p><strong>Lire aussi<\/strong> : <a href=\"https:\/\/ecomatin.net\/developpement-local-le-c2d-premier-bailleur-de-fonds-du-pndp\/\">D\u00e9veloppement local\u00a0: le C2D premier bailleur de fonds du Pndp<\/a><\/p>\n<p>Bien men\u00e9e, insiste Achille Basahag, cette mutation devrait permettre au gouvernement de g\u00e9rer avec plus d\u2019efficacit\u00e9 les tensions de tr\u00e9soreries auxquelles il fait face depuis 2014. C\u2019est pourquoi la rencontre de Douala a sugg\u00e9r\u00e9 qu\u2019une plateforme qui regroupant tous les acteurs soit rapidement mise en place. Au sein de cette plateforme, on aura la Banque centrale, les maires, le minist\u00e8re des Finances, le patronat, etc. Ensuite, il y a des s\u00e9curit\u00e9s qui vont \u00eatre mises en place \u00e0 travers les RIB qui permettent \u00e0 chaque entit\u00e9 d\u2019agir directement sur le CUT sans passer par le Tr\u00e9sor. Enfin, il y a un m\u00e9canisme de nivellement automatique ou de plafonnement automatique int\u00e9gr\u00e9 dans la convention qui va \u00eatre sign\u00e9e entre le Cameroun et la Beac pour qu\u2019il y ait des montants planch\u00e9s qui figurent dans chaque compte.<\/p>\n<div class=\"awac-wrapper awac widget posts-list-widget-11\">\n<h4 class=\"widget-title\">Le plus r\u00e9cent<\/h4>\n<\/div>\n<p>Auteur: Eco Matin<br \/>\n<a href=\"https:\/\/ecomatin.net\/compte-unique-du-tresor-autonomie-renforcee-pour-les-entites-publiques\/\">Cliquez ici pour lire l&rsquo;article depuis sa source.<\/a><\/p>\n","protected":false},"excerpt":{"rendered":"<p>Difficile de dire si cette fois sera la bonne mais l\u2019on jure au minist\u00e8re des Finances (Minfi) que tout est fait pour susciter l\u2019adh\u00e9sion de toutes les parties prenantes \u00e0 la mise en \u0153uvre harmonieuse du Compte unique du Tr\u00e9sor (CUT). A cette fin, le Minfi, Louis Paul Motaze, a r\u00e9cemment conduit un atelier d\u00e9bat [&hellip;]<\/p>\n","protected":false},"author":1969,"featured_media":0,"comment_status":"closed","ping_status":"closed","sticky":false,"template":"","format":"standard","meta":{"fifu_image_url":"","fifu_image_alt":"","footnotes":""},"categories":[82,78],"tags":[],"class_list":["post-104044","post","type-post","status-publish","format-standard","hentry","category-cameroun","category-economie"],"_links":{"self":[{"href":"https:\/\/linitiative.ca\/International\/wp-json\/wp\/v2\/posts\/104044","targetHints":{"allow":["GET"]}}],"collection":[{"href":"https:\/\/linitiative.ca\/International\/wp-json\/wp\/v2\/posts"}],"about":[{"href":"https:\/\/linitiative.ca\/International\/wp-json\/wp\/v2\/types\/post"}],"author":[{"embeddable":true,"href":"https:\/\/linitiative.ca\/International\/wp-json\/wp\/v2\/users\/1969"}],"replies":[{"embeddable":true,"href":"https:\/\/linitiative.ca\/International\/wp-json\/wp\/v2\/comments?post=104044"}],"version-history":[{"count":0,"href":"https:\/\/linitiative.ca\/International\/wp-json\/wp\/v2\/posts\/104044\/revisions"}],"wp:attachment":[{"href":"https:\/\/linitiative.ca\/International\/wp-json\/wp\/v2\/media?parent=104044"}],"wp:term":[{"taxonomy":"category","embeddable":true,"href":"https:\/\/linitiative.ca\/International\/wp-json\/wp\/v2\/categories?post=104044"},{"taxonomy":"post_tag","embeddable":true,"href":"https:\/\/linitiative.ca\/International\/wp-json\/wp\/v2\/tags?post=104044"}],"curies":[{"name":"wp","href":"https:\/\/api.w.org\/{rel}","templated":true}]}}