{"id":104045,"date":"2020-11-07T13:27:11","date_gmt":"2020-11-07T18:27:11","guid":{"rendered":"https:\/\/linitiative.ca\/International\/de-nouveaux-responsables-a-loffice-cerealier\/"},"modified":"2020-11-07T13:27:11","modified_gmt":"2020-11-07T18:27:11","slug":"de-nouveaux-responsables-a-loffice-cerealier","status":"publish","type":"post","link":"https:\/\/linitiative.ca\/International\/de-nouveaux-responsables-a-loffice-cerealier\/","title":{"rendered":"De nouveaux responsables \u00e0 l\u2019Office c\u00e9r\u00e9alier"},"content":{"rendered":"<div class=\"featured-area featured-area-inner\"><img loading=\"lazy\" decoding=\"async\" width=\"843\" height=\"420\" src=\"https:\/\/ecomatin.net\/wp-content\/uploads\/2020\/11\/Office-C\u00e9r\u00e9alier-du-Cameroun.jpg\" class=\"attachment-full size-full wp-post-image\" alt=\"\" srcset=\"https:\/\/ecomatin.net\/wp-content\/uploads\/2020\/11\/Office-C&#xE9;r&#xE9;alier-du-Cameroun.jpg 843w, https:\/\/ecomatin.net\/wp-content\/uploads\/2020\/11\/Office-C&#xE9;r&#xE9;alier-du-Cameroun-300x149.jpg 300w, https:\/\/ecomatin.net\/wp-content\/uploads\/2020\/11\/Office-C&#xE9;r&#xE9;alier-du-Cameroun-768x383.jpg 768w\" sizes=\"auto, (max-width: 843px) 100vw, 843px\"\/><\/div>\n<div class=\"entry-content entry clearfix\" readability=\"36.855325914149\">\n<p>L\u2019Officier c\u00e9r\u00e9alier a un nouveau Directeur g\u00e9n\u00e9ral et un nouveau pr\u00e9sident du Conseil d\u2019administration. Il s\u2019agit respectivement de Mohamadou Gassimou, et Nana Djibrilla. Les nouveaux promus ont \u00e9t\u00e9 nomm\u00e9s le 5 novembre 2020, par le pr\u00e9sident de la R\u00e9publique.<\/p>\n<p>Mohamadou Gassimou, a \u00e9t\u00e9\u00a0\u00a0avant sa nomination cadre au Port autonome de Douala et d\u00e9put\u00e9 du parti au pouvoir Rdpc. A la t\u00eate de l\u2019Office c\u00e9r\u00e9alier il a un mandat de trois ans, \u00e9ventuellement renouvelable deux fois. S\u2019agissant du nouveau PCA, dans le cadre de ses fonctions, il devra orienter la politique g\u00e9n\u00e9rale de l\u2019Office et en \u00e9valu\u00e9 la gestion en compagnie des autres membres du conseil, selon l\u2019article 14 du d\u00e9cret sign\u00e9 par le chef de l\u2019Etat le 23 octobre 2018, portant r\u00e9organisation de cet organisme.<\/p>\n<p><strong>Lire aussi<\/strong> : <a href=\"https:\/\/ecomatin.net\/loffice-cerealier-du-cameroun-declare-47-650-tonnes-de-capacite-de-stockage\/\">L\u2019Office c\u00e9r\u00e9alier du Cameroun d\u00e9clare 47\u00a0650 tonnes de capacit\u00e9 de stockage<\/a><\/p>\n<p>Rappelons que pour le compte de cette ann\u00e9e\u00a02020, l\u2019Office c\u00e9r\u00e9alier du Cameroun a d\u00e9clar\u00e9 qu\u2019elle dispose de 44 magasins de stockage de c\u00e9r\u00e9ales d\u2019une capacit\u00e9 totale de 47\u2009650 tonnes, implant\u00e9s \u00e0 travers les trois r\u00e9gions septentrionales du pays\u00a0que sont l\u2019Adamaoua, le Nord et l\u2019Extr\u00eame-Nord.<\/p>\n<p>Dirig\u00e9 ces vingt derni\u00e8res ann\u00e9es par Gilbert Gourlemond, qui occupait ce dernier depuis 20 ans, l\u2019Office c\u00e9r\u00e9alier est un organisme d\u2019\u00c9tat qui a \u00e9t\u00e9 cr\u00e9\u00e9 par d\u00e9cret n\u00b0 75\/1975 du 21 juin 1975 et r\u00e9organis\u00e9 par d\u00e9cret n\u00b0 89\/1806 du 12 d\u00e9cembre 1989. Il a pour mission d\u2019intervenir sur les march\u00e9s des zones productrices et consommatrices de c\u00e9r\u00e9ales en vue de cr\u00e9er un stock r\u00e9gulateur et de s\u00e9curit\u00e9 alimentaire permettant de stabiliser les prix d\u2019une campagne \u00e0 l\u2019autre, afin de lutter contre la famine.<\/p>\n<p><strong>Lire aussi<\/strong> : \u00a0<a href=\"https:\/\/ecomatin.net\/office-cerealier-un-conseil-dadministration-aux-pouvoirs-plus-etendus\/\">Office c\u00e9r\u00e9alier\u00a0: un conseil d\u2019administration aux pouvoirs plus \u00e9tendus<\/a><\/p>\n<div class=\"awac-wrapper awac widget posts-list-widget-11\">\n<h4 class=\"widget-title\">Le plus r\u00e9cent<\/h4>\n<\/div>\n<\/div>\n<p>Auteur: Eco Matin<br \/>\n<a href=\"https:\/\/ecomatin.net\/de-nouveaux-responsables-a-loffice-cerealier\/\">Cliquez ici pour lire l&rsquo;article depuis sa source.<\/a><\/p>\n","protected":false},"excerpt":{"rendered":"<p>L\u2019Officier c\u00e9r\u00e9alier a un nouveau Directeur g\u00e9n\u00e9ral et un nouveau pr\u00e9sident du Conseil d\u2019administration. Il s\u2019agit respectivement de Mohamadou Gassimou, et Nana Djibrilla. Les nouveaux promus ont \u00e9t\u00e9 nomm\u00e9s le 5 novembre 2020, par le pr\u00e9sident de la R\u00e9publique. Mohamadou Gassimou, a \u00e9t\u00e9\u00a0\u00a0avant sa nomination cadre au Port autonome de Douala et d\u00e9put\u00e9 du parti [&hellip;]<\/p>\n","protected":false},"author":1969,"featured_media":104046,"comment_status":"closed","ping_status":"closed","sticky":false,"template":"","format":"standard","meta":{"fifu_image_url":"","fifu_image_alt":"","footnotes":""},"categories":[82,78],"tags":[],"class_list":["post-104045","post","type-post","status-publish","format-standard","has-post-thumbnail","hentry","category-cameroun","category-economie"],"_links":{"self":[{"href":"https:\/\/linitiative.ca\/International\/wp-json\/wp\/v2\/posts\/104045","targetHints":{"allow":["GET"]}}],"collection":[{"href":"https:\/\/linitiative.ca\/International\/wp-json\/wp\/v2\/posts"}],"about":[{"href":"https:\/\/linitiative.ca\/International\/wp-json\/wp\/v2\/types\/post"}],"author":[{"embeddable":true,"href":"https:\/\/linitiative.ca\/International\/wp-json\/wp\/v2\/users\/1969"}],"replies":[{"embeddable":true,"href":"https:\/\/linitiative.ca\/International\/wp-json\/wp\/v2\/comments?post=104045"}],"version-history":[{"count":0,"href":"https:\/\/linitiative.ca\/International\/wp-json\/wp\/v2\/posts\/104045\/revisions"}],"wp:featuredmedia":[{"embeddable":true,"href":"https:\/\/linitiative.ca\/International\/wp-json\/"}],"wp:attachment":[{"href":"https:\/\/linitiative.ca\/International\/wp-json\/wp\/v2\/media?parent=104045"}],"wp:term":[{"taxonomy":"category","embeddable":true,"href":"https:\/\/linitiative.ca\/International\/wp-json\/wp\/v2\/categories?post=104045"},{"taxonomy":"post_tag","embeddable":true,"href":"https:\/\/linitiative.ca\/International\/wp-json\/wp\/v2\/tags?post=104045"}],"curies":[{"name":"wp","href":"https:\/\/api.w.org\/{rel}","templated":true}]}}