{"id":104048,"date":"2020-11-07T15:28:02","date_gmt":"2020-11-07T20:28:02","guid":{"rendered":"https:\/\/linitiative.ca\/International\/sa-majeste-le-roi-adresse-un-discours-a-la-nation-a-loccasion-du-45-eme-anniversaire-de-la-marche-verte\/"},"modified":"2020-11-07T15:28:02","modified_gmt":"2020-11-07T20:28:02","slug":"sa-majeste-le-roi-adresse-un-discours-a-la-nation-a-loccasion-du-45-eme-anniversaire-de-la-marche-verte","status":"publish","type":"post","link":"https:\/\/linitiative.ca\/International\/sa-majeste-le-roi-adresse-un-discours-a-la-nation-a-loccasion-du-45-eme-anniversaire-de-la-marche-verte\/","title":{"rendered":"Sa Majest\u00e9 le Roi adresse un discours \u00e0 la Nation \u00e0 l\u2019occasion du 45-\u00e8me anniversaire de la Marche verte"},"content":{"rendered":"<p><img decoding=\"async\" class=\"post_layout_5_img\" src=\"http:\/\/aujourdhui.ma\/wp-content\/uploads\/2019\/08\/Discours-Royal-de-Sm-le-roi-Mohammed-VI.jpg\" alt=\"Sa Majest&#xE9; le Roi adresse un discours &#xE0; la Nation &#xE0; l&#x2019;occasion du 45-&#xE8;me anniversaire de la Marche verte\"\/><\/p>\n<p><span class=\"c5\"><strong>Sa Majest\u00e9 le Roi Mohammed VI, que Dieu L\u2019assiste, a adress\u00e9 samedi un Discours \u00e0 Son peuple fid\u00e8le \u00e0 l\u2019occasion du 45-\u00e8me anniversaire de la glorieuse Marche Verte.<\/strong><\/span><span id=\"more-359834\"\/><\/p>\n<p>Voici le texte int\u00e9gral du Discours Royal:<\/p>\n<p>\u00ab\u00a0Louange \u00e0 Dieu, Pri\u00e8re et salut sur le Proph\u00e8te, Sa famille et Ses compagnons.<\/p>\n<p>Cher peuple,<\/p>\n<p>Nous comm\u00e9morons aujourd\u2019hui le quarante-cinqui\u00e8me anniversaire de la Marche Verte qui fut un mod\u00e8le unique de mobilisation collective, d\u2019engagement, de discipline, d\u2019attachement au bon droit.<\/p>\n<p>En effet, c\u2019est en patriotes sinc\u00e8res que les Marocains r\u00e9pondirent en toute spontan\u00e9it\u00e9 \u00e0 l\u2019appel de l\u2019artisan de la Marche Verte, Notre V\u00e9n\u00e9r\u00e9 P\u00e8re, feu Sa Majest\u00e9 le Roi Hassan II, que Dieu ait son \u00e2me.<\/p>\n<p>Le monde entier d\u00e9couvrit combien le peuple marocain savait relever les d\u00e9fis. Et ainsi, par cette marche pacifique qui trouva une issue heureuse dans la r\u00e9cup\u00e9ration de nos Provinces du Sud, nous entrions magistralement dans les annales de l\u2019Histoire.<\/p>\n<p>En cela, la Marche Verte ne repr\u00e9sente pas seulement un \u00e9v\u00e9nement national majeur et une \u00e9tape saillante dans le processus de parach\u00e8vement de notre int\u00e9grit\u00e9 territoriale. Elle incarne \u00e9galement une dynamique dont l\u2019esprit se perp\u00e9tue et se renouvelle \u00e0 travers l\u2019action men\u00e9e pour consolider la Marocanit\u00e9 du Sahara sur la sc\u00e8ne internationale et pour \u00e9riger le Sahara en force motrice du d\u00e9veloppement r\u00e9gional et continental.<\/p>\n<p>A cet \u00e9gard, les derni\u00e8res ann\u00e9es ont connu des d\u00e9veloppements tangibles, et ce, \u00e0 plusieurs niveaux :<\/p>\n<p>Au niveau des Nations Unies : les approches et les th\u00e8ses d\u00e9pass\u00e9es et irr\u00e9alistes ont \u00e9t\u00e9 d\u00e9finitivement an\u00e9anties, lors de l\u2019adoption des derni\u00e8res r\u00e9solutions du Conseil de s\u00e9curit\u00e9.<\/p>\n<p>Ces r\u00e9centes r\u00e9solutions ont \u00e9galement confirm\u00e9 la participation effective des vraies parties concern\u00e9es par ce conflit r\u00e9gional et elles ont consacr\u00e9 l\u2019irr\u00e9versibilit\u00e9 de la solution politique, r\u00e9aliste et consensuelle.<\/p>\n<p>Cette orientation s\u2019accorde avec l\u2019esprit de l\u2019Initiative d\u2019autonomie marocaine, soutenue par le Conseil de s\u00e9curit\u00e9 et les grandes puissances comme l\u2019unique option logique pour r\u00e9gler ce conflit.<\/p>\n<p>Au niveau de l\u2019Union Africaine : Gr\u00e2ce au retour du Maroc au sein de sa famille africaine, l\u2019Organisation a clos, avec succ\u00e8s, le chapitre des man\u0153uvres incessantes dont elle fut victime des ann\u00e9es durant.<\/p>\n<p>Depuis lors, l\u2019Union Africaine a adopt\u00e9 une approche constructive s\u2019articulant autour d\u2019un soutien plein et entier aux efforts d\u00e9ploy\u00e9s, en vertu d\u2019un mandat exclusif par les Nations Unies, par son Secr\u00e9taire g\u00e9n\u00e9ral et le Conseil de s\u00e9curit\u00e9.<\/p>\n<p>Sur le plan juridique et diplomatique : Plusieurs pays fr\u00e8res ont ouvert des consulats g\u00e9n\u00e9raux dans les villes de La\u00e2youne et de Dakhla, reconnaissant ainsi, de fa\u00e7on claire et nette, la Marocanit\u00e9 du Sahara et affirmant \u00eatre pleinement confiants quant \u00e0 la s\u00e9curit\u00e9 et \u00e0 la prosp\u00e9rit\u00e9 qui r\u00e8gnent dans nos Provinces du Sud.<\/p>\n<p>Dans le m\u00eame temps, les membres de la communaut\u00e9 internationale refusent, dans leur grande majorit\u00e9, de s\u2019aligner sur les th\u00e8ses des autres parties. De fait, 163 pays, repr\u00e9sentant 85% des \u00c9tats membres des Nations Unies, ne reconnaissent pas l\u2019entit\u00e9 factice.<\/p>\n<p>Cette orientation a \u00e9t\u00e9 confort\u00e9e par les grandes puissances qui, en la mati\u00e8re, ont adopt\u00e9 des positions constructives, notamment la conclusion de partenariats strat\u00e9giques et \u00e9conomiques incluant, sans exception ni r\u00e9serve, les Provinces Sud du Royaume comme partie int\u00e9grante du territoire marocain.<\/p>\n<p>Partant de ces acquis, le Maroc r\u00e9affirme son engagement sinc\u00e8re \u00e0 collaborer avec Son Excellence le Secr\u00e9taire g\u00e9n\u00e9ral des Nations Unies, dans le cadre du respect des R\u00e9solutions du Conseil de s\u00e9curit\u00e9, en vue de parvenir \u00e0 une solution d\u00e9finitive, sur la base de l\u2019Initiative d\u2019autonomie.<\/p>\n<p>De plus, le Maroc restera ferme sur ses positions et ne se laissera nullement fl\u00e9chir par les provocations st\u00e9riles et les man\u0153uvres d\u00e9sesp\u00e9r\u00e9es des autres parties. D\u2019ailleurs, force est de constater que le d\u00e9clin consomm\u00e9 de leurs th\u00e8ses surann\u00e9es les a pr\u00e9cipit\u00e9es dans le sc\u00e9nario typique d\u2019une fuite en avant.<\/p>\n<p>\u00c0 cet \u00e9gard, Nous r\u00e9it\u00e9rons notre rejet cat\u00e9gorique des agissements inacceptables par lesquels on cherche \u00e0 entraver la fluidit\u00e9 du trafic entre le Maroc et la Mauritanie, \u00e0 alt\u00e9rer le statut juridique et historique qui pr\u00e9vaut \u00e0 l\u2019est du mur de s\u00e9curit\u00e9 ou encore \u00e0 se livrer \u00e0 une exploitation ill\u00e9gitime des ressources de la r\u00e9gion.<\/p>\n<p>Le Maroc, fid\u00e8le \u00e0 lui-m\u00eame, ne se d\u00e9partira pas du bon sens et de la sagesse dont il a coutume. En revanche, c\u2019est avec la derni\u00e8re vigueur et la plus grande fermet\u00e9 qu\u2019il s\u2019opposera aux abus cherchant \u00e0 porter atteinte \u00e0 la s\u00e9curit\u00e9 et \u00e0 la stabilit\u00e9 de ses Provinces du Sud.<\/p>\n<p>D\u2019un autre c\u00f4t\u00e9, Nous sommes persuad\u00e9 que les Nations Unies et la Minurso continueront \u00e0 remplir leur devoir en veillant \u00e0 pr\u00e9server le cessez-le feu dans la zone.<\/p>\n<p>Cher peuple,<\/p>\n<p>Notre engagement \u00e0 consolider la Marocanit\u00e9 du Sahara au niveau international n\u2019a d\u2019\u00e9gal que Notre action soutenue pour que nos provinces sahraouies deviennent un moteur du d\u00e9veloppement r\u00e9gional et continental.<\/p>\n<p>Aussi, afin de parachever les grands projets en cours de r\u00e9alisation dans Nos provinces du Sud, le moment est venu de mettre en valeur les nombreuses potentialit\u00e9s que rec\u00e8le leur domaine maritime.<\/p>\n<p>A cet \u00e9gard, au cours de cette ann\u00e9e, et en totale conformit\u00e9 avec les principes du droit international, le Maroc a men\u00e9 \u00e0 terme la d\u00e9limitation de ses espaces maritimes, en les incorporant dans l\u2019arsenal juridique marocain.<\/p>\n<p>En outre, le Maroc poursuivra, avec constance, le dialogue engag\u00e9 avec notre voisin, l\u2019Espagne, au sujet des zones de chevauchement des eaux territoriales des deux pays amis.<\/p>\n<p>Ce dialogue s\u2019inscrira dans le cadre du droit de la mer et respectera le partenariat qui les unit, loin de toute volont\u00e9 unilat\u00e9rale d\u2019imposer le fait accompli.<\/p>\n<p>De fait, en d\u00e9finissant clairement le cadre et les fronti\u00e8res des espaces maritimes plac\u00e9s sous la souverainet\u00e9 du Royaume, le plan mis en \u0153uvre pour impulser l\u2019essor socio-\u00e9conomique de la r\u00e9gion sera indubitablement consolid\u00e9.<\/p>\n<p>Partant de cette vision, la fa\u00e7ade atlantique Sud du Royaume, situ\u00e9e face au Sahara marocain, constituera une interface maritime d\u2019int\u00e9gration \u00e9conomique et un foyer de rayonnement continental et international.<\/p>\n<p>De fait, d\u2019ores et d\u00e9j\u00e0 Tanger-Med est reconnu comme le premier port en Afrique ; le port Dakhla Atlantique contribuera \u00e0 consacrer cette tendance.<\/p>\n<p>Par ailleurs, Nous continuerons \u00e0 \u0153uvrer pour le d\u00e9veloppement d\u2019une v\u00e9ritable \u00e9conomie maritime dans ces territoires que Nous ch\u00e9rissons tant. Cette zone qui abonde en ressources et en potentialit\u00e9s, sur terre comme en mer, servira ainsi de passerelle et de trait d\u2019union entre le Maroc et sa profondeur africaine.<\/p>\n<p>A cet \u00e9gard, il importe d\u2019investir dans les espaces maritimes, tant pour le dessalement de l\u2019eau de mer que pour l\u2019exploitation des \u00e9nergies renouvelables d\u2019origine \u00e9olienne ou hydrolienne.<\/p>\n<p>En parall\u00e8le, il faut continuer \u00e0 promouvoir le secteur de la p\u00eache maritime, compte tenu de son r\u00f4le dans le d\u00e9veloppement de l\u2019\u00e9conomie de la r\u00e9gion.<\/p>\n<p>Par ailleurs, pour que le plan Azur devienne un levier strat\u00e9gique au service de la relance du secteur touristique dans la r\u00e9gion et pour que celle-ci s\u2019affirme comme une v\u00e9ritable destination du tourisme baln\u00e9aire, il importe de lui insuffler une nouvelle dynamique.<\/p>\n<p>Cher peuple,<\/p>\n<p>La fid\u00e9lit\u00e9 sans faille \u00e0 l\u2019esprit et au serment \u00e9ternel de la Marche Verte exige que tous les Marocains restent mobilis\u00e9s et vigilants et qu\u2019ils s\u2019attachent \u00e0 relever les d\u00e9fis internes et externes avec s\u00e9rieux et responsabilit\u00e9.<\/p>\n<p>Nous serons ainsi \u00e0 m\u00eame de mener \u00e0 bien les projets de d\u00e9veloppements sociaux et \u00e9conomiques de notre pays ; nous continuerons \u00e0 d\u00e9fendre nos int\u00e9r\u00eats et nos Causes justes et \u00e0 renforcer la place du Maroc dans son environnement r\u00e9gional et international.<\/p>\n<p>C\u2019est aussi l\u2019occasion pour Nous, de rendre hommage \u00e0 la m\u00e9moire immacul\u00e9e des valeureux martyrs de la Patrie et d\u2019adresser l\u2019expression de Notre consid\u00e9ration \u00e0 Nos Forces Arm\u00e9es Royales et aux forces de s\u00e9curit\u00e9, toutes cat\u00e9gories confondues, pour leur mobilisation constante \u00e0 d\u00e9fendre, sous Notre commandement, l\u2019int\u00e9grit\u00e9 territoriale du pays et \u00e0 pr\u00e9server sa s\u00e9curit\u00e9 et sa stabilit\u00e9.<\/p>\n<p>Wassalamou alaikoum warahmatoullahi wabarakatouh\u00a0\u00bb.<\/p>\n<p>Auteur: ALM<br \/>\n<a href=\"https:\/\/aujourdhui.ma\/politique\/sa-majeste-le-roi-adresse-un-discours-a-la-nation-a-loccasion-du-45-eme-anniversaire-de-la-marche-verte\">Cliquez ici pour lire l&rsquo;article depuis sa source.<\/a><\/p>\n","protected":false},"excerpt":{"rendered":"<p>Sa Majest\u00e9 le Roi Mohammed VI, que Dieu L\u2019assiste, a adress\u00e9 samedi un Discours \u00e0 Son peuple fid\u00e8le \u00e0 l\u2019occasion du 45-\u00e8me anniversaire de la glorieuse Marche Verte. Voici le texte int\u00e9gral du Discours Royal: \u00ab\u00a0Louange \u00e0 Dieu, Pri\u00e8re et salut sur le Proph\u00e8te, Sa famille et Ses compagnons. Cher peuple, Nous comm\u00e9morons aujourd\u2019hui le [&hellip;]<\/p>\n","protected":false},"author":1759,"featured_media":104049,"comment_status":"closed","ping_status":"closed","sticky":false,"template":"","format":"standard","meta":{"fifu_image_url":"","fifu_image_alt":"","footnotes":""},"categories":[73,54],"tags":[],"class_list":["post-104048","post","type-post","status-publish","format-standard","has-post-thumbnail","hentry","category-actualite","category-maroc"],"_links":{"self":[{"href":"https:\/\/linitiative.ca\/International\/wp-json\/wp\/v2\/posts\/104048","targetHints":{"allow":["GET"]}}],"collection":[{"href":"https:\/\/linitiative.ca\/International\/wp-json\/wp\/v2\/posts"}],"about":[{"href":"https:\/\/linitiative.ca\/International\/wp-json\/wp\/v2\/types\/post"}],"author":[{"embeddable":true,"href":"https:\/\/linitiative.ca\/International\/wp-json\/wp\/v2\/users\/1759"}],"replies":[{"embeddable":true,"href":"https:\/\/linitiative.ca\/International\/wp-json\/wp\/v2\/comments?post=104048"}],"version-history":[{"count":0,"href":"https:\/\/linitiative.ca\/International\/wp-json\/wp\/v2\/posts\/104048\/revisions"}],"wp:featuredmedia":[{"embeddable":true,"href":"https:\/\/linitiative.ca\/International\/wp-json\/"}],"wp:attachment":[{"href":"https:\/\/linitiative.ca\/International\/wp-json\/wp\/v2\/media?parent=104048"}],"wp:term":[{"taxonomy":"category","embeddable":true,"href":"https:\/\/linitiative.ca\/International\/wp-json\/wp\/v2\/categories?post=104048"},{"taxonomy":"post_tag","embeddable":true,"href":"https:\/\/linitiative.ca\/International\/wp-json\/wp\/v2\/tags?post=104048"}],"curies":[{"name":"wp","href":"https:\/\/api.w.org\/{rel}","templated":true}]}}