{"id":104050,"date":"2020-11-07T16:06:48","date_gmt":"2020-11-07T21:06:48","guid":{"rendered":"https:\/\/linitiative.ca\/International\/sm-le-roi-85-des-etats-membres-des-nations-unies-ne-reconnaissent-pas-lentite-factice\/"},"modified":"2020-11-07T16:06:48","modified_gmt":"2020-11-07T21:06:48","slug":"sm-le-roi-85-des-etats-membres-des-nations-unies-ne-reconnaissent-pas-lentite-factice","status":"publish","type":"post","link":"https:\/\/linitiative.ca\/International\/sm-le-roi-85-des-etats-membres-des-nations-unies-ne-reconnaissent-pas-lentite-factice\/","title":{"rendered":"SM le Roi: \u00ab85% des \u00c9tats membres des Nations Unies, ne reconnaissent pas l\u2019entit\u00e9 factice.\u00bb"},"content":{"rendered":"<p><img decoding=\"async\" class=\"post_layout_5_img\" src=\"http:\/\/aujourdhui.ma\/wp-content\/uploads\/2020\/11\/discours-grace-copier-1-504x300-504x300-1.jpg\" alt=\"SM le Roi: &#xAB;85% des &#xC9;tats membres des Nations Unies, ne reconnaissent pas l&#x2019;entit&#xE9; factice.&#xBB;\"\/><\/p>\n<p class=\"c7\"><span class=\"c6\"><strong><span class=\"c5\">Un discours de v\u00e9rit\u00e9s.<\/span><\/strong><\/span><\/p>\n<p class=\"c7\"><span class=\"c8\">SM le Roi Moh<strong>ammed VI\u00a0a, en effet, rappel\u00e9 des v\u00e9rit\u00e9s au sujet du dossier du Sahara marocain \u00e0 l\u2019occasion du discours adress\u00e9 \u00e0 la nation en comm\u00e9moration du 45-\u00e8me anniversaire de la glorieuse Marche Verte. \u00ab<\/strong>Nous comm\u00e9morons aujourd\u2019hui le quarante-cinqui\u00e8me anniversaire de la Marche Verte qui fut un mod\u00e8le unique de mobilisation collective, d\u2019engagement, de discipline, d\u2019attachement au bon droit.\u00a0En effet, c\u2019est en patriotes sinc\u00e8res que les Marocains r\u00e9pondirent en toute spontan\u00e9it\u00e9 \u00e0 l\u2019appel de l\u2019artisan de la Marche Verte, Notre V\u00e9n\u00e9r\u00e9 P\u00e8re, feu Sa Majest\u00e9 le Roi Hassan II, que Dieu ait son \u00e2me.\u00a0Le monde entier d\u00e9couvrit combien le peuple marocain savait relever les d\u00e9fis. Et ainsi, par cette marche pacifique qui trouva une issue heureuse dans la r\u00e9cup\u00e9ration de nos Provinces du Sud, nous entrions magistralement dans les annales de l\u2019Histoire\u00bb, a rappel\u00e9 le Souverain \u00e9voquant les derniers d\u00e9veloppements au sujet de la cause nationale. \u00abA cet \u00e9gard, les derni\u00e8res ann\u00e9es ont connu des d\u00e9veloppements tangibles, et ce, \u00e0 plusieurs niveaux :\u00a0Au niveau des Nations Unies : les approches et les th\u00e8ses d\u00e9pass\u00e9es et irr\u00e9alistes ont \u00e9t\u00e9 d\u00e9finitivement an\u00e9anties, lors de l\u2019adoption des derni\u00e8res r\u00e9solutions du Conseil de s\u00e9curit\u00e9.\u00a0Ces r\u00e9centes r\u00e9solutions ont \u00e9galement confirm\u00e9 la participation effective des vraies parties concern\u00e9es par ce conflit r\u00e9gional et elles ont consacr\u00e9 l\u2019irr\u00e9versibilit\u00e9 de la solution politique, r\u00e9aliste et consensuelle.\u00a0Cette orientation s\u2019accorde avec l\u2019esprit de l\u2019Initiative d\u2019autonomie marocaine, soutenue par le Conseil de s\u00e9curit\u00e9 et les grandes puissances comme l\u2019unique option logique pour r\u00e9gler ce conflit\u00bb, a expliqu\u00e9 SM le Roi. Et de poursuivre: \u00abSur le plan juridique et diplomatique : Plusieurs pays fr\u00e8res ont ouvert des consulats g\u00e9n\u00e9raux dans les villes de La\u00e2youne et de Dakhla, reconnaissant ainsi, de fa\u00e7on claire et nette, la Marocanit\u00e9 du Sahara et affirmant \u00eatre pleinement confiants quant \u00e0 la s\u00e9curit\u00e9 et \u00e0 la prosp\u00e9rit\u00e9 qui r\u00e8gnent dans nos Provinces du Sud.<\/span><\/p>\n<p class=\"c9\"><span class=\"c8\">Dans le m\u00eame temps, les membres de la communaut\u00e9 internationale refusent, dans leur grande majorit\u00e9, de s\u2019aligner sur les th\u00e8ses des autres parties. De fait, 163 pays, repr\u00e9sentant 85% des \u00c9tats membres des Nations Unies, ne reconnaissent pas l\u2019entit\u00e9 factice.<\/span><\/p>\n<p class=\"c9\"><span class=\"c8\">Cette orientation a \u00e9t\u00e9 confort\u00e9e par les grandes puissances qui, en la mati\u00e8re, ont adopt\u00e9 des positions constructives, notamment la conclusion de partenariats strat\u00e9giques et \u00e9conomiques incluant, sans exception ni r\u00e9serve, les Provinces Sud du Royaume comme partie int\u00e9grante du territoire marocain\u00bb.<\/span><\/p>\n<p>Auteur: ALM<br \/>\n<a href=\"https:\/\/aujourdhui.ma\/politique\/sm-le-roi-85-des-etats-membres-des-nations-unies-ne-reconnaissent-pas-lentite-factice\">Cliquez ici pour lire l&rsquo;article depuis sa source.<\/a><\/p>\n","protected":false},"excerpt":{"rendered":"<p>Un discours de v\u00e9rit\u00e9s. SM le Roi Mohammed VI\u00a0a, en effet, rappel\u00e9 des v\u00e9rit\u00e9s au sujet du dossier du Sahara marocain \u00e0 l\u2019occasion du discours adress\u00e9 \u00e0 la nation en comm\u00e9moration du 45-\u00e8me anniversaire de la glorieuse Marche Verte. \u00abNous comm\u00e9morons aujourd\u2019hui le quarante-cinqui\u00e8me anniversaire de la Marche Verte qui fut un mod\u00e8le unique de [&hellip;]<\/p>\n","protected":false},"author":1759,"featured_media":104051,"comment_status":"closed","ping_status":"closed","sticky":false,"template":"","format":"standard","meta":{"fifu_image_url":"","fifu_image_alt":"","footnotes":""},"categories":[73,54],"tags":[],"class_list":["post-104050","post","type-post","status-publish","format-standard","has-post-thumbnail","hentry","category-actualite","category-maroc"],"_links":{"self":[{"href":"https:\/\/linitiative.ca\/International\/wp-json\/wp\/v2\/posts\/104050","targetHints":{"allow":["GET"]}}],"collection":[{"href":"https:\/\/linitiative.ca\/International\/wp-json\/wp\/v2\/posts"}],"about":[{"href":"https:\/\/linitiative.ca\/International\/wp-json\/wp\/v2\/types\/post"}],"author":[{"embeddable":true,"href":"https:\/\/linitiative.ca\/International\/wp-json\/wp\/v2\/users\/1759"}],"replies":[{"embeddable":true,"href":"https:\/\/linitiative.ca\/International\/wp-json\/wp\/v2\/comments?post=104050"}],"version-history":[{"count":0,"href":"https:\/\/linitiative.ca\/International\/wp-json\/wp\/v2\/posts\/104050\/revisions"}],"wp:featuredmedia":[{"embeddable":true,"href":"https:\/\/linitiative.ca\/International\/wp-json\/"}],"wp:attachment":[{"href":"https:\/\/linitiative.ca\/International\/wp-json\/wp\/v2\/media?parent=104050"}],"wp:term":[{"taxonomy":"category","embeddable":true,"href":"https:\/\/linitiative.ca\/International\/wp-json\/wp\/v2\/categories?post=104050"},{"taxonomy":"post_tag","embeddable":true,"href":"https:\/\/linitiative.ca\/International\/wp-json\/wp\/v2\/tags?post=104050"}],"curies":[{"name":"wp","href":"https:\/\/api.w.org\/{rel}","templated":true}]}}