{"id":104052,"date":"2020-11-07T16:08:06","date_gmt":"2020-11-07T21:08:06","guid":{"rendered":"https:\/\/linitiative.ca\/International\/sm-le-roi-le-maroc-sopposera-aux-abus-cherchant-a-porter-atteinte-a-la-securite-de-son-sahara\/"},"modified":"2020-11-07T16:08:06","modified_gmt":"2020-11-07T21:08:06","slug":"sm-le-roi-le-maroc-sopposera-aux-abus-cherchant-a-porter-atteinte-a-la-securite-de-son-sahara","status":"publish","type":"post","link":"https:\/\/linitiative.ca\/International\/sm-le-roi-le-maroc-sopposera-aux-abus-cherchant-a-porter-atteinte-a-la-securite-de-son-sahara\/","title":{"rendered":"SM le Roi: \u00abLe Maroc s\u2019opposera aux abus cherchant \u00e0 porter atteinte \u00e0 la s\u00e9curit\u00e9\u00bb de son Sahara"},"content":{"rendered":"<header>\n<\/header>\n<div class=\"entry-content clearfix\" readability=\"54\"><img decoding=\"async\" class=\"post_layout_5_img\" src=\"http:\/\/aujourdhui.ma\/wp-content\/uploads\/2017\/02\/zone-de-Guergarate-du-Sahara-marocain.jpg\" alt=\"SM le Roi: &#xAB;Le Maroc s&#x2019;opposera aux abus cherchant &#xE0; porter atteinte &#xE0; la s&#xE9;curit&#xE9;&#xBB; de son Sahara\"\/><\/p>\n<p class=\"c7\"><span class=\"c6\"><strong><span class=\"c5\">Le Souverain a \u00e9t\u00e9 ferme dans le rejet des agissements notamment \u00e0 Guergarat.<\/span><\/strong><\/span> <span id=\"more-359839\"\/><\/p>\n<p class=\"c7\"><span class=\"c8\">Le discours adress\u00e9 \u00e0 la nation \u00e0 l\u2019occasion du 45\u00e8me anniversaire de la marche verte, a expliqu\u00e9 que la disposition du Maroc \u00e0 collaborer avec l\u2019ONU, ne veut pas dire qu\u2019il ne s\u2019oppose pas avec fermet\u00e9 aux actions mena\u00e7ant la stabilit\u00e9 et la s\u00e9curit\u00e9. \u00abLe Maroc r\u00e9affirme son engagement sinc\u00e8re \u00e0 collaborer avec Son Excellence le Secr\u00e9taire g\u00e9n\u00e9ral des Nations Unies, dans le cadre du respect des R\u00e9solutions du Conseil de s\u00e9curit\u00e9, en vue de parvenir \u00e0 une solution d\u00e9finitive, sur la base de l\u2019Initiative d\u2019autonomie\u00bb, a dit le Souverain soulignant que le Royaume \u00ab\u00a0restera ferme sur ses positions et ne se laissera nullement fl\u00e9chir par les provocations st\u00e9riles et les man\u0153uvres d\u00e9sesp\u00e9r\u00e9es des autres parties.<\/span><\/p>\n<p class=\"c7\"><span class=\"c8\">D\u2019ailleurs, force est de constater que le d\u00e9clin consomm\u00e9 de leurs th\u00e8ses surann\u00e9es les a pr\u00e9cipit\u00e9es dans le sc\u00e9nario typique d\u2019une fuite en avant\u00bb. SM a dans ce sens r\u00e9it\u00e9r\u00e9 le \u00abrejet cat\u00e9gorique des agissements inacceptables par lesquels on cherche \u00e0 entraver la fluidit\u00e9 du trafic entre le Maroc et la Mauritanie, \u00e0 alt\u00e9rer le statut juridique et historique qui pr\u00e9vaut \u00e0 l\u2019est du mur de s\u00e9curit\u00e9 ou encore \u00e0 se livrer \u00e0 une exploitation ill\u00e9gitime des ressources de la r\u00e9gion\u00bb. Et de conclure: \u00able\u00a0Maroc, fid\u00e8le \u00e0 lui-m\u00eame, ne se d\u00e9partira pas du bon sens et de la sagesse dont il a coutume. En revanche, c\u2019est avec la derni\u00e8re vigueur et la plus grande fermet\u00e9 qu\u2019il s\u2019opposera aux abus cherchant \u00e0 porter atteinte \u00e0 la s\u00e9curit\u00e9 et \u00e0 la stabilit\u00e9 de ses Provinces du Sud.\u00a0D\u2019un autre c\u00f4t\u00e9, Nous sommes persuad\u00e9 que les Nations Unies et la Minurso continueront \u00e0 remplir leur devoir en veillant \u00e0 pr\u00e9server le cessez-le feu dans la zone\u00bb.<\/span><\/p>\n<\/div>\n<p>Auteur: ALM<br \/>\n<a href=\"https:\/\/aujourdhui.ma\/politique\/sm-le-roi-le-maroc-sopposera-aux-abus-cherchant-a-porter-atteinte-a-la-securite-de-son-sahara\">Cliquez ici pour lire l&rsquo;article depuis sa source.<\/a><\/p>\n","protected":false},"excerpt":{"rendered":"<p>Le Souverain a \u00e9t\u00e9 ferme dans le rejet des agissements notamment \u00e0 Guergarat. Le discours adress\u00e9 \u00e0 la nation \u00e0 l\u2019occasion du 45\u00e8me anniversaire de la marche verte, a expliqu\u00e9 que la disposition du Maroc \u00e0 collaborer avec l\u2019ONU, ne veut pas dire qu\u2019il ne s\u2019oppose pas avec fermet\u00e9 aux actions mena\u00e7ant la stabilit\u00e9 et [&hellip;]<\/p>\n","protected":false},"author":1759,"featured_media":104053,"comment_status":"closed","ping_status":"closed","sticky":false,"template":"","format":"standard","meta":{"fifu_image_url":"","fifu_image_alt":"","footnotes":""},"categories":[73,54],"tags":[],"class_list":["post-104052","post","type-post","status-publish","format-standard","has-post-thumbnail","hentry","category-actualite","category-maroc"],"_links":{"self":[{"href":"https:\/\/linitiative.ca\/International\/wp-json\/wp\/v2\/posts\/104052","targetHints":{"allow":["GET"]}}],"collection":[{"href":"https:\/\/linitiative.ca\/International\/wp-json\/wp\/v2\/posts"}],"about":[{"href":"https:\/\/linitiative.ca\/International\/wp-json\/wp\/v2\/types\/post"}],"author":[{"embeddable":true,"href":"https:\/\/linitiative.ca\/International\/wp-json\/wp\/v2\/users\/1759"}],"replies":[{"embeddable":true,"href":"https:\/\/linitiative.ca\/International\/wp-json\/wp\/v2\/comments?post=104052"}],"version-history":[{"count":0,"href":"https:\/\/linitiative.ca\/International\/wp-json\/wp\/v2\/posts\/104052\/revisions"}],"wp:featuredmedia":[{"embeddable":true,"href":"https:\/\/linitiative.ca\/International\/wp-json\/"}],"wp:attachment":[{"href":"https:\/\/linitiative.ca\/International\/wp-json\/wp\/v2\/media?parent=104052"}],"wp:term":[{"taxonomy":"category","embeddable":true,"href":"https:\/\/linitiative.ca\/International\/wp-json\/wp\/v2\/categories?post=104052"},{"taxonomy":"post_tag","embeddable":true,"href":"https:\/\/linitiative.ca\/International\/wp-json\/wp\/v2\/tags?post=104052"}],"curies":[{"name":"wp","href":"https:\/\/api.w.org\/{rel}","templated":true}]}}