{"id":104054,"date":"2020-11-07T16:19:27","date_gmt":"2020-11-07T21:19:27","guid":{"rendered":"https:\/\/linitiative.ca\/International\/domaine-maritime-sm-le-roi-le-maroc-poursuivra-avec-constance-le-dialogue-engage-avec-notre-voisin-lespagne\/"},"modified":"2020-11-07T16:19:27","modified_gmt":"2020-11-07T21:19:27","slug":"domaine-maritime-sm-le-roi-le-maroc-poursuivra-avec-constance-le-dialogue-engage-avec-notre-voisin-lespagne","status":"publish","type":"post","link":"https:\/\/linitiative.ca\/International\/domaine-maritime-sm-le-roi-le-maroc-poursuivra-avec-constance-le-dialogue-engage-avec-notre-voisin-lespagne\/","title":{"rendered":"Domaine maritime: SM\u00a0le Roi: \u00able Maroc poursuivra, avec constance, le dialogue engag\u00e9 avec notre voisin, l\u2019Espagne\u00bb"},"content":{"rendered":"<p><img decoding=\"async\" class=\"post_layout_5_img\" src=\"http:\/\/aujourdhui.ma\/wp-content\/uploads\/2020\/11\/Marche-verte.jpg\" alt=\"Domaine maritime: SM&#xA0;le Roi: &#xAB;le Maroc poursuivra, avec constance, le dialogue engag&#xE9; avec notre voisin, l&#x2019;Espagne&#xBB;\"\/><\/p>\n<p class=\"c7\"><span class=\"c6\"><strong><span class=\"c5\">Le volet \u00e9conomique a \u00e9t\u00e9 tr\u00e8s pr\u00e9sent dans le discours prononc\u00e9 par le Souverain \u00e0 l\u2019occasion de l\u2019anniversaire de la marche verte.<\/span><\/strong><\/span><span id=\"more-359842\"\/><\/p>\n<p class=\"c7\"><span class=\"c8\">\u00abNotre engagement \u00e0 consolider la Marocanit\u00e9 du Sahara au niveau international n\u2019a d\u2019\u00e9gal que Notre action soutenue pour que nos provinces sahraouies deviennent un moteur du d\u00e9veloppement r\u00e9gional et continental.<\/span><\/p>\n<p class=\"c7\"><span class=\"c8\">Aussi, afin de parachever les grands projets en cours de r\u00e9alisation dans Nos provinces du Sud, le moment est venu de mettre en valeur les nombreuses potentialit\u00e9s que rec\u00e8le leur domaine maritime\u00bb, a indiqu\u00e9 SM le Roi rappelant qu\u2019au cours de \u00abcette ann\u00e9e, et en totale conformit\u00e9 avec les principes du droit international, le Maroc a men\u00e9 \u00e0 terme la d\u00e9limitation de ses espaces maritimes, en les incorporant dans l\u2019arsenal juridique marocain\u00bb. Dans ce sens, le Souverain a fait savoir que\u00a0\u00a0\u00able Maroc poursuivra, avec constance, le dialogue engag\u00e9 avec notre voisin, l\u2019Espagne, au sujet des zones de chevauchement des eaux territoriales des deux pays amis.\u00a0Ce dialogue s\u2019inscrira dans le cadre du droit de la mer et respectera le partenariat qui les unit, loin de toute volont\u00e9 unilat\u00e9rale d\u2019imposer le fait accompli.\u00a0De fait, en d\u00e9finissant clairement le cadre et les fronti\u00e8res des espaces maritimes plac\u00e9s sous la souverainet\u00e9 du Royaume, le plan mis en \u0153uvre pour impulser l\u2019essor socio-\u00e9conomique de la r\u00e9gion sera indubitablement consolid\u00e9\u00bb. Par ailleurs, les provinces du Sud sont appel\u00e9s \u00e0 jouer un r\u00f4le de premier plan dans le d\u00e9veloppement du pays. \u00abLa fa\u00e7ade atlantique Sud du Royaume, situ\u00e9e face au Sahara marocain, constituera une interface maritime d\u2019int\u00e9gration \u00e9conomique et un foyer de rayonnement continental et international.\u00a0De fait, d\u2019ores et d\u00e9j\u00e0 Tanger-Med est reconnu comme le premier port en Afrique ; le port Dakhla Atlantique contribuera \u00e0 consacrer cette tendance\u00bb, a ajout\u00e9 SM le Roi.<\/span><\/p>\n<p class=\"c7\"><span class=\"c8\">Par ailleurs, \u00ab\u00a0Nous continuerons \u00e0 \u0153uvrer pour le d\u00e9veloppement d\u2019une v\u00e9ritable \u00e9conomie maritime dans ces territoires que Nous ch\u00e9rissons tant. Cette zone qui abonde en ressources et en potentialit\u00e9s, sur terre comme en mer, servira ainsi de passerelle et de trait d\u2019union entre le Maroc et sa profondeur africaine.\u00a0A cet \u00e9gard, il importe d\u2019investir dans les espaces maritimes, tant pour le dessalement de l\u2019eau de mer que pour l\u2019exploitation des \u00e9nergies renouvelables d\u2019origine \u00e9olienne ou hydrolienne\u00a0\u00bb, a annonc\u00e9 le Souverain.<\/span><\/p>\n<p class=\"c7\"><span class=\"c8\">Et de conclure: \u00abEn parall\u00e8le, il faut continuer \u00e0 promouvoir le secteur de la p\u00eache maritime, compte tenu de son r\u00f4le dans le d\u00e9veloppement de l\u2019\u00e9conomie de la r\u00e9gion.\u00a0Par ailleurs, pour que le plan Azur devienne un levier strat\u00e9gique au service de la relance du secteur touristique dans la r\u00e9gion et pour que celle-ci s\u2019affirme comme une v\u00e9ritable destination du tourisme baln\u00e9aire, il importe de lui insuffler une nouvelle dynamique\u00bb.<\/span><\/p>\n<p>Auteur: ALM<br \/>\n<a href=\"https:\/\/aujourdhui.ma\/politique\/domaine-maritime-sm-le-roi-le-maroc-poursuivra-avec-constance-le-dialogue-engage-avec-notre-voisin-lespagne\">Cliquez ici pour lire l&rsquo;article depuis sa source.<\/a><\/p>\n","protected":false},"excerpt":{"rendered":"<p>Le volet \u00e9conomique a \u00e9t\u00e9 tr\u00e8s pr\u00e9sent dans le discours prononc\u00e9 par le Souverain \u00e0 l\u2019occasion de l\u2019anniversaire de la marche verte. \u00abNotre engagement \u00e0 consolider la Marocanit\u00e9 du Sahara au niveau international n\u2019a d\u2019\u00e9gal que Notre action soutenue pour que nos provinces sahraouies deviennent un moteur du d\u00e9veloppement r\u00e9gional et continental. Aussi, afin de [&hellip;]<\/p>\n","protected":false},"author":1759,"featured_media":104055,"comment_status":"closed","ping_status":"closed","sticky":false,"template":"","format":"standard","meta":{"fifu_image_url":"","fifu_image_alt":"","footnotes":""},"categories":[73,54],"tags":[],"class_list":["post-104054","post","type-post","status-publish","format-standard","has-post-thumbnail","hentry","category-actualite","category-maroc"],"_links":{"self":[{"href":"https:\/\/linitiative.ca\/International\/wp-json\/wp\/v2\/posts\/104054","targetHints":{"allow":["GET"]}}],"collection":[{"href":"https:\/\/linitiative.ca\/International\/wp-json\/wp\/v2\/posts"}],"about":[{"href":"https:\/\/linitiative.ca\/International\/wp-json\/wp\/v2\/types\/post"}],"author":[{"embeddable":true,"href":"https:\/\/linitiative.ca\/International\/wp-json\/wp\/v2\/users\/1759"}],"replies":[{"embeddable":true,"href":"https:\/\/linitiative.ca\/International\/wp-json\/wp\/v2\/comments?post=104054"}],"version-history":[{"count":0,"href":"https:\/\/linitiative.ca\/International\/wp-json\/wp\/v2\/posts\/104054\/revisions"}],"wp:featuredmedia":[{"embeddable":true,"href":"https:\/\/linitiative.ca\/International\/wp-json\/"}],"wp:attachment":[{"href":"https:\/\/linitiative.ca\/International\/wp-json\/wp\/v2\/media?parent=104054"}],"wp:term":[{"taxonomy":"category","embeddable":true,"href":"https:\/\/linitiative.ca\/International\/wp-json\/wp\/v2\/categories?post=104054"},{"taxonomy":"post_tag","embeddable":true,"href":"https:\/\/linitiative.ca\/International\/wp-json\/wp\/v2\/tags?post=104054"}],"curies":[{"name":"wp","href":"https:\/\/api.w.org\/{rel}","templated":true}]}}