{"id":104058,"date":"2020-11-08T07:59:25","date_gmt":"2020-11-08T12:59:25","guid":{"rendered":"https:\/\/linitiative.ca\/International\/le-grand-theatre-dagadir\/"},"modified":"2020-11-08T07:59:25","modified_gmt":"2020-11-08T12:59:25","slug":"le-grand-theatre-dagadir","status":"publish","type":"post","link":"https:\/\/linitiative.ca\/International\/le-grand-theatre-dagadir\/","title":{"rendered":"Le grand th\u00e9\u00e2tre d\u2019Agadir"},"content":{"rendered":"<p class=\"has-text-color c2\"><strong>Enfin, la capitale du Souss aura son th\u00e9\u00e2tre ! Un somptueux \u00e9difice viendrait combler une vacuit\u00e9 de plus de six d\u00e9cennies. Pr\u00e9vu dans le package du programme de d\u00e9veloppement urbain de la cit\u00e9, lanc\u00e9 par le Souverain lors de sa visite en f\u00e9vrier dernier, cette b\u00e2tisse \u00e0 caract\u00e8re artistique de haute envergure met un terme aux gabegies d\u00e9concertantes dont l\u2019\u00e9lite de cr\u00e9ateurs et d\u2019intellectuels ne cesse de se lamenter des lustres durant.<\/strong><\/p>\n<p>En effet, ni les complexes culturels, mont\u00e9s \u00e0 l\u2019emporte pi\u00e8ce sans souci acoustique, ni les maisons de quartiers pondus \u00e0 la sauvette sans r\u00e9elles salles de spectacles, n\u2019exau\u00e7aient le v\u0153u ardent des mordus de l\u2019art dramatique. Le th\u00e9\u00e2tre de verdure qui renvoie au cachet antique de l\u2019architecture grecque, souffrait \u00e0 mort de r\u00e9elles installations en lumi\u00e8res et en sonorit\u00e9s.<\/p>\n<p>Malgr\u00e9 l\u2019\u00e9mergence distingu\u00e9e de pl\u00e9iade de talents en th\u00e9\u00e2tre qui ornait le paysage th\u00e9\u00e2tral r\u00e9gional voire national, le b\u00e2timent, r\u00e9pondant \u00e0 l\u2019exigence sp\u00e9cifique de l\u2019art dramatique, faisait d\u00e9faut. La salle de l\u2019h\u00f4tel de ville, relook\u00e9e il y a juste quelques ann\u00e9es, faisait office de lieu de spectacles de th\u00e9\u00e2tre, alors qu\u2019elle est seulement destin\u00e9e aux conf\u00e9rences.<\/p>\n<p>Pendant des d\u00e9cennies, les communes qui se sont succ\u00e9d\u00e9 aux r\u00eanes de la municipalit\u00e9 n\u2019ont jamais daign\u00e9 doter une m\u00e9tropole de l\u2019envergure de l\u2019une des plus belles baies du monde, d\u2019une vraie bo\u00eete de spectacles remplissant toutes les conditions techniques de l\u2019art th\u00e9\u00e2tral. Comme pour le cin\u00e9ma\/art o\u00f9 la p\u00e9nurie du cin\u00e9ma\/b\u00e2tisse crucifie le bel adage\u00a0: \u00abqui aime la vie va au cin\u00e9ma\u00a0!\u00bb, le th\u00e9\u00e2tre fut toujours orphelin d\u2019espace con\u00e7u pour la pratique ad\u00e9quate du \u00abp\u00e8re des arts\u00bb.<\/p>\n<p>La soci\u00e9t\u00e9 civile locale s\u2019est beaucoup \u00e9poumon\u00e9e pour s\u2019octroyer, il y a plus de trente ans cet oiseau rare, personne ne juge bon de r\u00e9pondre \u00e0 ce souhait renvoy\u00e9 constamment aux calendes grecques. On n\u2019a jamais \u00e9cout\u00e9 les insistantes des artistes car les conseillers avaient d\u2019autres excitations en b\u00e9ton. Jean-Baptiste Poquelin, alias Moli\u00e8re disait un jour du 17\u00e8 si\u00e8cle\u00a0: \u00abIl n\u2019y a pires sourds que ceux qui ne veulent pas entendre!\u00bb. Cette citation conviendrait \u00e0 cette attitude d\u00e9daigneuse qui \u00abcrachait\u00bb sur ce besoin de haute acuit\u00e9 intellectuelle dans la vie du citoyen.<\/p>\n<p>Aujourd\u2019hui, apr\u00e8s tant de privation, Agadir va enfin, s\u2019enorgueillir d\u2019avoir en son sein un th\u00e9\u00e2tre dans le sens authentique du terme, \u00e0 l\u2019instar de nombre de contr\u00e9es du royaume qui s\u2019\u00e9taient adjug\u00e9 ce privil\u00e8ge bien avant\u2026 \u00abMieux vaut tard que jamais\u00a0!\u00bb, a-t-on toujours l\u2019habitude de soupirer pour respirer une certaine consolation am\u00e8re!<\/p>\n<p>Auteur: M&rsquo;hammed rahal<br \/>\n<a href=\"http:\/\/albayane.press.ma\/le-grand-theatre-dagadir.html\">Cliquez ici pour lire l&rsquo;article depuis sa source.<\/a><\/p>\n","protected":false},"excerpt":{"rendered":"<p>Enfin, la capitale du Souss aura son th\u00e9\u00e2tre ! Un somptueux \u00e9difice viendrait combler une vacuit\u00e9 de plus de six d\u00e9cennies. Pr\u00e9vu dans le package du programme de d\u00e9veloppement urbain de la cit\u00e9, lanc\u00e9 par le Souverain lors de sa visite en f\u00e9vrier dernier, cette b\u00e2tisse \u00e0 caract\u00e8re artistique de haute envergure met un terme [&hellip;]<\/p>\n","protected":false},"author":1760,"featured_media":0,"comment_status":"closed","ping_status":"closed","sticky":false,"template":"","format":"standard","meta":{"fifu_image_url":"","fifu_image_alt":"","footnotes":""},"categories":[73,54],"tags":[],"class_list":["post-104058","post","type-post","status-publish","format-standard","hentry","category-actualite","category-maroc"],"_links":{"self":[{"href":"https:\/\/linitiative.ca\/International\/wp-json\/wp\/v2\/posts\/104058","targetHints":{"allow":["GET"]}}],"collection":[{"href":"https:\/\/linitiative.ca\/International\/wp-json\/wp\/v2\/posts"}],"about":[{"href":"https:\/\/linitiative.ca\/International\/wp-json\/wp\/v2\/types\/post"}],"author":[{"embeddable":true,"href":"https:\/\/linitiative.ca\/International\/wp-json\/wp\/v2\/users\/1760"}],"replies":[{"embeddable":true,"href":"https:\/\/linitiative.ca\/International\/wp-json\/wp\/v2\/comments?post=104058"}],"version-history":[{"count":0,"href":"https:\/\/linitiative.ca\/International\/wp-json\/wp\/v2\/posts\/104058\/revisions"}],"wp:attachment":[{"href":"https:\/\/linitiative.ca\/International\/wp-json\/wp\/v2\/media?parent=104058"}],"wp:term":[{"taxonomy":"category","embeddable":true,"href":"https:\/\/linitiative.ca\/International\/wp-json\/wp\/v2\/categories?post=104058"},{"taxonomy":"post_tag","embeddable":true,"href":"https:\/\/linitiative.ca\/International\/wp-json\/wp\/v2\/tags?post=104058"}],"curies":[{"name":"wp","href":"https:\/\/api.w.org\/{rel}","templated":true}]}}