{"id":104059,"date":"2020-11-08T08:07:21","date_gmt":"2020-11-08T13:07:21","guid":{"rendered":"https:\/\/linitiative.ca\/International\/le-discours-de-laffirmation-des-constantes-et-de-lorientation-vers-lavenir\/"},"modified":"2020-11-08T08:07:21","modified_gmt":"2020-11-08T13:07:21","slug":"le-discours-de-laffirmation-des-constantes-et-de-lorientation-vers-lavenir","status":"publish","type":"post","link":"https:\/\/linitiative.ca\/International\/le-discours-de-laffirmation-des-constantes-et-de-lorientation-vers-lavenir\/","title":{"rendered":"Le discours de \u00abl\u2019affirmation des constantes et de l\u2019orientation vers l\u2019avenir\u00bb"},"content":{"rendered":"<p class=\"has-text-color has-vivid-red-color c2\"><strong>Mohamed Nabil Benabdallah<\/strong><\/p>\n<p class=\"has-text-color c3\"><strong>En r\u00e9action au discours Royal \u00e0 l\u2019occasion du 45\u00e8 anniversaire de la glorieuse Marche Verte, Mohamed Nabil Benabdallah, secr\u00e9taire g\u00e9n\u00e9ral du Parti du progr\u00e8s et du socialisme, nous a accord\u00e9 la d\u00e9claration suivante.<\/strong><\/p>\n<p>\u00abLe discours royal \u00e0 l\u2019occasion du 45<sup>\u00e8me<\/sup> anniversaire de la Marche verte est le discours de l\u2019affirmation des constantes et de l\u2019orientation vers l\u2019avenir.<\/p>\n<p>L\u2019affirmation des constances, d\u2019abord, \u00e0 travers l\u2019attachement du Maroc au processus onusien du r\u00e8glement d\u00e9finitif de la question de l\u2019int\u00e9grit\u00e9 territoriale, dans le cadre exclusif de la solution politique et de la proposition d\u2019autonomie\u00a0 faite par le Maroc.<\/p>\n<p>SM le Roi s\u2019est f\u00e9licit\u00e9, dans ce sens, de l\u2019attitude positive de l\u2019Union Africaine qui, notamment depuis le retour du Maroc \u00e0 cette enceinte, appuie les efforts onusiens.<\/p>\n<p>SM le Roi n\u2019a pas manqu\u00e9, par ailleurs, de s\u2019adresser \u00e0 toutes les parties concern\u00e9es par ce conflit pour les inciter, d\u2019une part, \u00e0 cesser toute forme de provocation et, d\u2019autre part, \u00e0 s\u2019inscrire positivement dans le cadre de la recherche constructive d\u2019une solution politique.<\/p>\n<p>Ce fut aussi le discours de l\u2019orientation vers l\u2019avenir, puisque Sa Majest\u00e9 a consacr\u00e9, une nouvelle fois, la d\u00e9termination du Maroc \u00e0 investir fortement, et dans le domaine de pointe, dans nos provinces du sud, de mani\u00e8re \u00e0 gagner la bataille du d\u00e9veloppement et \u00e0 faire profiter nos concitoyens sahraouis des fruits d\u2019une croissance durable et soutenue, et de mani\u00e8re que nos provinces du sud deviennent un hub de prosp\u00e9rit\u00e9 ouvert sur le continent africain\u00bb.<\/p>\n<p>Auteur: M&rsquo;hammed rahal<br \/>\n<a href=\"http:\/\/albayane.press.ma\/le-discours-de-laffirmation-des-constantes-et-de-lorientation-vers-lavenir.html\">Cliquez ici pour lire l&rsquo;article depuis sa source.<\/a><\/p>\n","protected":false},"excerpt":{"rendered":"<p>Mohamed Nabil Benabdallah En r\u00e9action au discours Royal \u00e0 l\u2019occasion du 45\u00e8 anniversaire de la glorieuse Marche Verte, Mohamed Nabil Benabdallah, secr\u00e9taire g\u00e9n\u00e9ral du Parti du progr\u00e8s et du socialisme, nous a accord\u00e9 la d\u00e9claration suivante. \u00abLe discours royal \u00e0 l\u2019occasion du 45\u00e8me anniversaire de la Marche verte est le discours de l\u2019affirmation des constantes [&hellip;]<\/p>\n","protected":false},"author":1760,"featured_media":0,"comment_status":"closed","ping_status":"closed","sticky":false,"template":"","format":"standard","meta":{"fifu_image_url":"","fifu_image_alt":"","footnotes":""},"categories":[73,54],"tags":[],"class_list":["post-104059","post","type-post","status-publish","format-standard","hentry","category-actualite","category-maroc"],"_links":{"self":[{"href":"https:\/\/linitiative.ca\/International\/wp-json\/wp\/v2\/posts\/104059","targetHints":{"allow":["GET"]}}],"collection":[{"href":"https:\/\/linitiative.ca\/International\/wp-json\/wp\/v2\/posts"}],"about":[{"href":"https:\/\/linitiative.ca\/International\/wp-json\/wp\/v2\/types\/post"}],"author":[{"embeddable":true,"href":"https:\/\/linitiative.ca\/International\/wp-json\/wp\/v2\/users\/1760"}],"replies":[{"embeddable":true,"href":"https:\/\/linitiative.ca\/International\/wp-json\/wp\/v2\/comments?post=104059"}],"version-history":[{"count":0,"href":"https:\/\/linitiative.ca\/International\/wp-json\/wp\/v2\/posts\/104059\/revisions"}],"wp:attachment":[{"href":"https:\/\/linitiative.ca\/International\/wp-json\/wp\/v2\/media?parent=104059"}],"wp:term":[{"taxonomy":"category","embeddable":true,"href":"https:\/\/linitiative.ca\/International\/wp-json\/wp\/v2\/categories?post=104059"},{"taxonomy":"post_tag","embeddable":true,"href":"https:\/\/linitiative.ca\/International\/wp-json\/wp\/v2\/tags?post=104059"}],"curies":[{"name":"wp","href":"https:\/\/api.w.org\/{rel}","templated":true}]}}