{"id":104060,"date":"2020-11-08T08:12:44","date_gmt":"2020-11-08T13:12:44","guid":{"rendered":"https:\/\/linitiative.ca\/International\/%ef%bb%bfnouveau-record-de-cas-aux-etats-unis-leurope-multiplie-les-restrictions\/"},"modified":"2020-11-08T08:12:44","modified_gmt":"2020-11-08T13:12:44","slug":"%ef%bb%bfnouveau-record-de-cas-aux-etats-unis-leurope-multiplie-les-restrictions","status":"publish","type":"post","link":"https:\/\/linitiative.ca\/International\/%ef%bb%bfnouveau-record-de-cas-aux-etats-unis-leurope-multiplie-les-restrictions\/","title":{"rendered":"\ufeffNouveau record de cas aux Etats-Unis, l\u2019Europe multiplie les restrictions"},"content":{"rendered":"<p class=\"has-text-color c2\"><strong>Covid-19: Biden promet d\u2019agir vite<\/strong><\/p>\n<p class=\"has-text-color has-vivid-red-color\"><strong>Les Etats-Unis, le pays du monde le plus durement frapp\u00e9 par le Covid-19, a enregistr\u00e9 vendredi un nouveau record de cas quotidiens et le candidat d\u00e9mocrate Joe Biden a promis de s\u2019attaquer de front \u00e0 la pand\u00e9mie d\u00e8s le \u00abpremier jour\u00bb de sa pr\u00e9sidence.<\/strong><\/p>\n<p>L\u2019\u00e9pid\u00e9mie explose aux Etats-Unis, de loin le pays le plus endeuill\u00e9 au monde avec 236.025 d\u00e9c\u00e8s dus au nouveau coronavirus. Un total de 127.021 nouveaux cas positifs au Covid-19 en 24 heures ont \u00e9t\u00e9 recens\u00e9s vendredi, le troisi\u00e8me record quotidien d\u2019affil\u00e9e, selon l\u2019universit\u00e9 Johns Hopkins.<\/p>\n<p>S\u00fbr de sa victoire face \u00e0 Donald Trump, Joe Biden a promis de mettre en oeuvre d\u00e8s le \u00abpremier jour\u00bb de sa pr\u00e9sidence son plan d\u2019action contre le virus.<\/p>\n<p>\u00abCela ne pourra pas sauver les vies qui ont \u00e9t\u00e9 perdues mais cela sauvera des vies ces prochains mois\u00bb, a-t-il affirm\u00e9 vendredi soir lors d\u2019une br\u00e8ve d\u00e9claration, sa colisti\u00e8re Kamala Harris se tenant \u00e0 ses c\u00f4t\u00e9s, masqu\u00e9e.<br \/>Selon les m\u00e9dias am\u00e9ricains, le chef de cabinet du pr\u00e9sident Donald Trump, Mark Meadows, a \u00e9t\u00e9 test\u00e9 positif au coronavirus, s\u2019ajoutant \u00e0 la dizaine de hauts responsables de la Maison Blanche contamin\u00e9s depuis d\u00e9but octobre.<\/p>\n<p>R\u00e9tif au port du masque et minimisant r\u00e9guli\u00e8rement la gravit\u00e9 de l\u2019\u00e9pid\u00e9mie, Donald Trump avait lui-m\u00eame contract\u00e9 le Covid-19 d\u00e9but octobre, de m\u00eame que son \u00e9pouse Melania. La porte-parole Kayleigh McEnany ainsi que les conseillers politiques Stephen Miller et Hope Hicks ont eux aussi \u00e9t\u00e9 atteints par le virus.<\/p>\n<p>En Europe, apr\u00e8s l\u2019Irlande, la France et l\u2019Angleterre, c\u2019est au tour de la Gr\u00e8ce et d\u2019une partie de l\u2019Italie de reconfiner leur population pour tenter de freiner l\u2019\u00e9pid\u00e9mie.<\/p>\n<p>Selon un comptage effectu\u00e9 par l\u2019AFP \u00e0 partir de sources officielles, la pand\u00e9mie a fait plus de 300.000 morts sur le continent europ\u00e9en, pour plus de douze millions d\u2019infections. C\u2019est la deuxi\u00e8me zone du monde la plus endeuill\u00e9e, derri\u00e8re l\u2019Am\u00e9rique latine et les Cara\u00efbes (pr\u00e8s de 410.000 d\u00e9c\u00e8s).<\/p>\n<p>Le confinement, qui devrait durer trois semaines \u2013 peut-\u00eatre davantage -, \u00e9pargnera supermarch\u00e9s, \u00e9piceries, stations-service, pressings et animaleries. Mais, comme en France, les librairies devront baisser le rideau.<\/p>\n<p>En Pologne, une nouvelle batterie de restrictions entre en vigueur samedi: fermeture des cin\u00e9mas, th\u00e9\u00e2tres et autres institutions culturelles et de la plupart des magasins dans les galeries marchandes, ainsi que passage total \u00e0 l\u2019enseignement \u00e0 distance.<\/p>\n<p>L\u2019Angleterre est elle aussi confin\u00e9e depuis jeudi: les commerces non essentiels ont d\u00fb fermer, et les restaurants, pubs et caf\u00e9s ne peuvent proposer que des livraisons ou ventes \u00e0 emporter. Les \u00e9coles, elles, restent ouvertes.<\/p>\n<p>A Liverpool, les autorit\u00e9s ont lanc\u00e9 vendredi un programme de d\u00e9pistage massif, voyant dans cet essai pilote une porte de sortie possible au confinement. \u00abFaites-le pour vous-m\u00eame, votre famille, vos coll\u00e8gues et votre ville\u00bb, a encourag\u00e9 le tr\u00e8s populaire entra\u00eeneur du club de football, J\u00fcrgen Klopp.<\/p>\n<p>Le Covid-19 a fait au moins 1,257,957 morts dans le monde et officiellement infect\u00e9 plus de 50 millions de personnes depuis le d\u00e9but de la pand\u00e9mie, selon un comptage r\u00e9alis\u00e9 vendredi par l\u2019AFP \u00e0 partir de sources officielles.<\/p>\n<p>Auteur: M&rsquo;hammed rahal<br \/>\n<a href=\"http:\/\/albayane.press.ma\/%EF%BB%BFnouveau-record-de-cas-aux-etats-unis-leurope-multiplie-les-restrictions.html\">Cliquez ici pour lire l&rsquo;article depuis sa source.<\/a><\/p>\n","protected":false},"excerpt":{"rendered":"<p>Covid-19: Biden promet d\u2019agir vite Les Etats-Unis, le pays du monde le plus durement frapp\u00e9 par le Covid-19, a enregistr\u00e9 vendredi un nouveau record de cas quotidiens et le candidat d\u00e9mocrate Joe Biden a promis de s\u2019attaquer de front \u00e0 la pand\u00e9mie d\u00e8s le \u00abpremier jour\u00bb de sa pr\u00e9sidence. L\u2019\u00e9pid\u00e9mie explose aux Etats-Unis, de loin [&hellip;]<\/p>\n","protected":false},"author":1760,"featured_media":0,"comment_status":"closed","ping_status":"closed","sticky":false,"template":"","format":"standard","meta":{"fifu_image_url":"","fifu_image_alt":"","footnotes":""},"categories":[73,54],"tags":[],"class_list":["post-104060","post","type-post","status-publish","format-standard","hentry","category-actualite","category-maroc"],"_links":{"self":[{"href":"https:\/\/linitiative.ca\/International\/wp-json\/wp\/v2\/posts\/104060","targetHints":{"allow":["GET"]}}],"collection":[{"href":"https:\/\/linitiative.ca\/International\/wp-json\/wp\/v2\/posts"}],"about":[{"href":"https:\/\/linitiative.ca\/International\/wp-json\/wp\/v2\/types\/post"}],"author":[{"embeddable":true,"href":"https:\/\/linitiative.ca\/International\/wp-json\/wp\/v2\/users\/1760"}],"replies":[{"embeddable":true,"href":"https:\/\/linitiative.ca\/International\/wp-json\/wp\/v2\/comments?post=104060"}],"version-history":[{"count":0,"href":"https:\/\/linitiative.ca\/International\/wp-json\/wp\/v2\/posts\/104060\/revisions"}],"wp:attachment":[{"href":"https:\/\/linitiative.ca\/International\/wp-json\/wp\/v2\/media?parent=104060"}],"wp:term":[{"taxonomy":"category","embeddable":true,"href":"https:\/\/linitiative.ca\/International\/wp-json\/wp\/v2\/categories?post=104060"},{"taxonomy":"post_tag","embeddable":true,"href":"https:\/\/linitiative.ca\/International\/wp-json\/wp\/v2\/tags?post=104060"}],"curies":[{"name":"wp","href":"https:\/\/api.w.org\/{rel}","templated":true}]}}