{"id":104067,"date":"2020-11-08T06:00:00","date_gmt":"2020-11-08T11:00:00","guid":{"rendered":"https:\/\/linitiative.ca\/International\/abdelkrim-zeghileche-condamne-a-1-an-de-prison-dont-6-mois-avec-sursis\/"},"modified":"2020-11-08T06:00:00","modified_gmt":"2020-11-08T11:00:00","slug":"abdelkrim-zeghileche-condamne-a-1-an-de-prison-dont-6-mois-avec-sursis","status":"publish","type":"post","link":"https:\/\/linitiative.ca\/International\/abdelkrim-zeghileche-condamne-a-1-an-de-prison-dont-6-mois-avec-sursis\/","title":{"rendered":"Abdelkrim Zeghileche condamn\u00e9 \u00e0 1 an de prison dont 6 mois avec sursis"},"content":{"rendered":"<div id=\"originalText\" readability=\"48\">\n<p class=\"c6\">Le verdict\u00a0\u00a0 de l\u2019activiste Abdelkrim Zeghilech a \u00e9t\u00e9 rendu, ce matin, par la\u00a0 Cour de\u00a0 Constantine. Le fondateur de la radio web Sarbacane est condamn\u00e9 \u00e0 un an de prison dont six mois avec sursis et une amende de 50\u00a0000 DA. Le 24 aout dernier, il a \u00e9t\u00e9 condamn\u00e9 \u00e0 deux ans de prison ferme \u00e0 une amende de 100\u00a0000 DA. Le parquait\u00a0 avait requis, lors de son proc\u00e8s, le 17 aout, trois ans de prison ferme et une amende de 100\u00a0000 DA.<\/p>\n<p class=\"c6\">Poursuivi pour \u00ab atteinte \u00e0 la personne du pr\u00e9sident de la r\u00e9publique et publication Facebook pouvant porter atteinte \u00e0 l\u2019unit\u00e9 nationale\u00a0\u00bb, Abdelkrim Zeghilech a \u00e9t\u00e9 plac\u00e9 sous mandat de d\u00e9p\u00f4t le 23 juin dernier, par le juge d\u2019instruction du tribunal de Ziadia. Il devra quitter la prison de Koudia en d\u00e9cembre prochain.\u00a0<\/p>\n<p class=\"c7\">\u00a0<\/p>\n<p class=\"c7\"><strong>R\u00e9daction\u00a0 Web<\/strong><\/p>\n<\/div>\n<div id=\"text_core\" readability=\"48\">\n<p class=\"c6\">Le verdict\u00a0\u00a0 de l\u2019activiste Abdelkrim Zeghilech a \u00e9t\u00e9 rendu, ce matin, par la\u00a0 Cour de\u00a0 Constantine. Le fondateur de la radio web Sarbacane est condamn\u00e9 \u00e0 un an de prison dont six mois avec sursis et une amende de 50\u00a0000 DA. Le 24 aout dernier, il a \u00e9t\u00e9 condamn\u00e9 \u00e0 deux ans de prison ferme \u00e0 une amende de 100\u00a0000 DA. Le parquait\u00a0 avait requis, lors de son proc\u00e8s, le 17 aout, trois ans de prison ferme et une amende de 100\u00a0000 DA.<\/p>\n<p class=\"c6\">Poursuivi pour \u00ab atteinte \u00e0 la personne du pr\u00e9sident de la r\u00e9publique et publication Facebook pouvant porter atteinte \u00e0 l\u2019unit\u00e9 nationale\u00a0\u00bb, Abdelkrim Zeghilech a \u00e9t\u00e9 plac\u00e9 sous mandat de d\u00e9p\u00f4t le 23 juin dernier, par le juge d\u2019instruction du tribunal de Ziadia. Il devra quitter la prison de Koudia en d\u00e9cembre prochain.\u00a0<\/p>\n<p class=\"c7\">\u00a0<\/p>\n<p class=\"c7\"><strong>R\u00e9daction\u00a0 Web<\/strong><\/p>\n<\/div>\n<p>Auteur:<br \/>\n<a href=\"https:\/\/www.liberte-algerie.com\/actualite\/abdelkrim-zeghileche-condamne-a-1-an-de-prison-dont-6-mois-avec-sursis-348627\">Cliquez ici pour lire l&rsquo;article depuis sa source.<\/a><\/p>\n","protected":false},"excerpt":{"rendered":"<p>Le verdict\u00a0\u00a0 de l\u2019activiste Abdelkrim Zeghilech a \u00e9t\u00e9 rendu, ce matin, par la\u00a0 Cour de\u00a0 Constantine. Le fondateur de la radio web Sarbacane est condamn\u00e9 \u00e0 un an de prison dont six mois avec sursis et une amende de 50\u00a0000 DA. Le 24 aout dernier, il a \u00e9t\u00e9 condamn\u00e9 \u00e0 deux ans de prison ferme [&hellip;]<\/p>\n","protected":false},"author":1742,"featured_media":0,"comment_status":"closed","ping_status":"closed","sticky":false,"template":"","format":"standard","meta":{"fifu_image_url":"","fifu_image_alt":"","footnotes":""},"categories":[73,53],"tags":[],"class_list":["post-104067","post","type-post","status-publish","format-standard","hentry","category-actualite","category-algerie"],"_links":{"self":[{"href":"https:\/\/linitiative.ca\/International\/wp-json\/wp\/v2\/posts\/104067","targetHints":{"allow":["GET"]}}],"collection":[{"href":"https:\/\/linitiative.ca\/International\/wp-json\/wp\/v2\/posts"}],"about":[{"href":"https:\/\/linitiative.ca\/International\/wp-json\/wp\/v2\/types\/post"}],"author":[{"embeddable":true,"href":"https:\/\/linitiative.ca\/International\/wp-json\/wp\/v2\/users\/1742"}],"replies":[{"embeddable":true,"href":"https:\/\/linitiative.ca\/International\/wp-json\/wp\/v2\/comments?post=104067"}],"version-history":[{"count":0,"href":"https:\/\/linitiative.ca\/International\/wp-json\/wp\/v2\/posts\/104067\/revisions"}],"wp:attachment":[{"href":"https:\/\/linitiative.ca\/International\/wp-json\/wp\/v2\/media?parent=104067"}],"wp:term":[{"taxonomy":"category","embeddable":true,"href":"https:\/\/linitiative.ca\/International\/wp-json\/wp\/v2\/categories?post=104067"},{"taxonomy":"post_tag","embeddable":true,"href":"https:\/\/linitiative.ca\/International\/wp-json\/wp\/v2\/tags?post=104067"}],"curies":[{"name":"wp","href":"https:\/\/api.w.org\/{rel}","templated":true}]}}