{"id":104074,"date":"2020-11-08T03:27:43","date_gmt":"2020-11-08T08:27:43","guid":{"rendered":"https:\/\/linitiative.ca\/International\/le-discours-royal-un-renouvellement-du-pacte-entre-le-trone-et-le-peuple\/"},"modified":"2020-11-08T03:27:43","modified_gmt":"2020-11-08T08:27:43","slug":"le-discours-royal-un-renouvellement-du-pacte-entre-le-trone-et-le-peuple","status":"publish","type":"post","link":"https:\/\/linitiative.ca\/International\/le-discours-royal-un-renouvellement-du-pacte-entre-le-trone-et-le-peuple\/","title":{"rendered":"Le Discours Royal, un renouvellement du pacte entre le Tr\u00f4ne et le peuple"},"content":{"rendered":"<div readability=\"38\">\n<p>Marrakech- Le Discours adress\u00e9 par Sa Majest\u00e9 le Roi Mohammed VI \u00e0 l\u2019occasion du 45\u00e8me anniversaire de la glorieuse Marche Verte constitue \u00ab\u00a0un \u00e9v\u00e9nement d\u2019une extr\u00eame importance\u00a0\u00bb et se veut un renouvellement du pacte sinc\u00e8re liant le Tr\u00f4ne et le peuple pour la d\u00e9fense de la marocanit\u00e9 du Sahara, dans le cadre d\u2019une marche renouvel\u00e9e et soutenue, a affirm\u00e9 le professeur des sciences politiques \u00e0 l\u2019universit\u00e9 Cadi Ayyad de Marrakech, Mohamed Bentalha Doukkali.<\/p>\n<\/div>\n<div readability=\"69\">\n<p>Dans une d\u00e9claration \u00e0 la MAP, M. Doukkali a indiqu\u00e9 que SM le Roi s\u2019est arr\u00eat\u00e9 sur les acquis et r\u00e9alisations accomplis derni\u00e8rement, gr\u00e2ce \u00e0 la forte dynamique de la diplomatie du Royaume et \u00e0 la l\u00e9gitimit\u00e9 de sa cause nationale, citant, dans ce sillage, les approches et th\u00e8ses d\u00e9pass\u00e9es et irr\u00e9alistes, qui ont \u00e9t\u00e9 d\u00e9finitivement an\u00e9anties par la communaut\u00e9 internationale, ainsi que l\u2019adoption par le Maroc d\u2019une \u00ab\u00a0offensive proactive\u00a0\u00bb contre les manoeuvres des adversaires de son int\u00e9grit\u00e9 territoriale, avec le retour au sein de l\u2019Union Africaine.<\/p>\n<p>Et le politologue de poursuivre que parmi les acquis qui consolident les r\u00e9alisations accomplies dans le cadre de ce dossier, il y a lieu de citer la reconnaissance par nombre de pays de l\u2019irr\u00e9versibilit\u00e9 de la solution politique, r\u00e9aliste et consensuelle, qui s\u2019accorde avec l\u2019esprit de l\u2019Initiative marocaine d\u2019autonomie, en tant qu\u2019unique option logique pour le r\u00e8glement de ce conflit r\u00e9gional factice.<\/p>\n<p>Cette orientation a \u00e9t\u00e9 confort\u00e9e par l\u2019ouverture par plusieurs pays fr\u00e8res de consulats g\u00e9n\u00e9raux dans les villes de La\u00e2youne et de Dakhla, reconnaissant ainsi, de fa\u00e7on claire et nette, la Marocanit\u00e9 du Sahara et affirmant \u00eatre pleinement confiants quant \u00e0 la s\u00e9curit\u00e9 et \u00e0 la prosp\u00e9rit\u00e9 qui r\u00e8gnent dans les Provinces du Sud du Royaume, a-t-il expliqu\u00e9.<\/p>\n<p>La r\u00e9alisation d\u2019un essor \u00e9conomique global est susceptible de consolider ces acquis politiques cumul\u00e9s au sujet de la premi\u00e8re cause nationale, a soutenu le professeur universitaire, avant de conclure que le Maroc ne se d\u00e9partira pas du bon sens et de la sagesse, et s\u2019opposera avec la plus grande fermet\u00e9 aux abus cherchant \u00e0 porter atteinte \u00e0 la s\u00e9curit\u00e9 et \u00e0 la stabilit\u00e9 de ses Provinces du Sud.<\/p>\n<\/div>\n<p>Auteur: Mohammed KOURSI<br \/>\n<a href=\"http:\/\/www.mapmarrakech.ma\/fr\/le-discours-royal-un-renouvellement-du-pacte-entre-le-trone-et-le-peuple\/\">Cliquez ici pour lire l&rsquo;article depuis sa source.<\/a><\/p>\n","protected":false},"excerpt":{"rendered":"<p>Marrakech- Le Discours adress\u00e9 par Sa Majest\u00e9 le Roi Mohammed VI \u00e0 l\u2019occasion du 45\u00e8me anniversaire de la glorieuse Marche Verte constitue \u00ab\u00a0un \u00e9v\u00e9nement d\u2019une extr\u00eame importance\u00a0\u00bb et se veut un renouvellement du pacte sinc\u00e8re liant le Tr\u00f4ne et le peuple pour la d\u00e9fense de la marocanit\u00e9 du Sahara, dans le cadre d\u2019une marche renouvel\u00e9e [&hellip;]<\/p>\n","protected":false},"author":1788,"featured_media":0,"comment_status":"closed","ping_status":"closed","sticky":false,"template":"","format":"standard","meta":{"fifu_image_url":"","fifu_image_alt":"","footnotes":""},"categories":[54,76],"tags":[],"class_list":["post-104074","post","type-post","status-publish","format-standard","hentry","category-maroc","category-regions"],"_links":{"self":[{"href":"https:\/\/linitiative.ca\/International\/wp-json\/wp\/v2\/posts\/104074","targetHints":{"allow":["GET"]}}],"collection":[{"href":"https:\/\/linitiative.ca\/International\/wp-json\/wp\/v2\/posts"}],"about":[{"href":"https:\/\/linitiative.ca\/International\/wp-json\/wp\/v2\/types\/post"}],"author":[{"embeddable":true,"href":"https:\/\/linitiative.ca\/International\/wp-json\/wp\/v2\/users\/1788"}],"replies":[{"embeddable":true,"href":"https:\/\/linitiative.ca\/International\/wp-json\/wp\/v2\/comments?post=104074"}],"version-history":[{"count":0,"href":"https:\/\/linitiative.ca\/International\/wp-json\/wp\/v2\/posts\/104074\/revisions"}],"wp:attachment":[{"href":"https:\/\/linitiative.ca\/International\/wp-json\/wp\/v2\/media?parent=104074"}],"wp:term":[{"taxonomy":"category","embeddable":true,"href":"https:\/\/linitiative.ca\/International\/wp-json\/wp\/v2\/categories?post=104074"},{"taxonomy":"post_tag","embeddable":true,"href":"https:\/\/linitiative.ca\/International\/wp-json\/wp\/v2\/tags?post=104074"}],"curies":[{"name":"wp","href":"https:\/\/api.w.org\/{rel}","templated":true}]}}