{"id":104075,"date":"2020-11-08T07:55:11","date_gmt":"2020-11-08T12:55:11","guid":{"rendered":"https:\/\/linitiative.ca\/International\/le-discours-royal-confirme-laneantissement-des-theses-hostiles\/"},"modified":"2020-11-08T07:55:11","modified_gmt":"2020-11-08T12:55:11","slug":"le-discours-royal-confirme-laneantissement-des-theses-hostiles","status":"publish","type":"post","link":"https:\/\/linitiative.ca\/International\/le-discours-royal-confirme-laneantissement-des-theses-hostiles\/","title":{"rendered":"Le Discours Royal confirme l\u2019an\u00e9antissement des th\u00e8ses hostiles"},"content":{"rendered":"<div readability=\"37\">\n<p>El Kel\u00e2a des Sraghna- Le Discours prononc\u00e9 par Sa Majest\u00e9 le Roi Mohammed VI \u00e0 l\u2019occasion du 45\u00e8me anniversaire de la glorieuse Marche Verte est une nette confirmation de l\u2019an\u00e9antissement de la th\u00e8se s\u00e9paratiste et de toutes celles qui sont hostiles \u00e0 l\u2019int\u00e9grit\u00e9 territoriale du Royaume, a soulign\u00e9 le directeur du centre universitaire polydisciplinaire \u00e0 El Kel\u00e2a des Sraghna, Mohamed El Ghali.<\/p>\n<\/div>\n<div readability=\"82\">\n<p>Dans une d\u00e9claration \u00e0 la MAP, M. El Ghali, \u00e9galement chef du d\u00e9partement du droit public \u00e0 la Facult\u00e9 de Droit \u00e0 Marrakech, a indiqu\u00e9 que la reconnaissance par le Conseil de s\u00e9curit\u00e9 de l\u2019ONU des autres vraies parties dans ce conflit a discr\u00e9dit\u00e9 ces th\u00e8ses, ce qui a permis de consacrer l\u2019approche marocaine dans la recherche d\u2019une solution politique juste, r\u00e9aliste et consensuelle \u00e0 ce conflit artificiel.<\/p>\n<p>Il a, dans ce sens, pr\u00e9cis\u00e9 que la reconnaissance par le Conseil de s\u00e9curit\u00e9 dans sa derni\u00e8re r\u00e9solution 2548 de l\u2019initiative marocaine d\u2019autonomie en tant qu\u2019option r\u00e9aliste et cr\u00e9dible, vient conforter cette orientation, ajoutant que le retour du Royaume au sein de l\u2019Union Africaine a grandement contribu\u00e9 \u00e0 consolider la position marocaine par le biais d\u2019un ensemble d\u2019indicateurs r\u00e9alistes, qui ont prouv\u00e9 que 85% des Etats du monde ne reconnaissent pas l\u2019entit\u00e9 factice.<\/p>\n<p>Et de relever que cette position de la communaut\u00e9 internationale a \u00e9t\u00e9 traduite dans les faits par l\u2019ouverture par nombre de pays africains et asiatiques de consulats g\u00e9n\u00e9raux dans les villes de La\u00e2youne et de Dakhla, ce qui a constitu\u00e9, a-t-il dit, une reconnaissance claire et nette des r\u00e9elles finalit\u00e9s du Royaume, pr\u00f4n\u00e9es par l\u2019ONU \u00e0 travers le monde, \u00e0 savoir la r\u00e9alisation de la s\u00e9curit\u00e9, de la stabilit\u00e9 et du d\u00e9veloppement dans les provinces du Sud.<\/p>\n<p>Elle a aussi repr\u00e9sent\u00e9 un rejet des orientations et th\u00e8ses s\u00e9paratistes et de toutes les tentatives mena\u00e7ant la s\u00e9curit\u00e9 et la paix internationales entreprises par le front du \u00ab\u00a0polisario\u00a0\u00bb, \u00e0 travers les agissements provocateurs \u00e0 l\u2019est du mur de s\u00e9curit\u00e9 ou \u00e0 El Guergarate, qui ont \u00e9t\u00e9 qualifi\u00e9s d\u2019actes ill\u00e9gaux par le secr\u00e9taire g\u00e9n\u00e9ral de l\u2019ONU, a-t-il poursuivi.<\/p>\n<p>M. El Ghali a not\u00e9 que le Discours Royal a r\u00e9affirm\u00e9 les positions fermes du Maroc face \u00e0 toutes les provocations et la confiance du Royaume dans le r\u00f4le de l\u2019ONU et de la MINURSO et leurs capacit\u00e9s \u00e0 s\u2019acquitter de leurs missions et devoirs au sujet du respect de l\u2019accord de cessez-le-feu.<\/p>\n<p>Et de conclure que l\u2019anniversaire de la Marche Verte constitue un mod\u00e8le de mobilisation collective et une source renouvel\u00e9e d\u2019engagement, de discipline et d\u2019attachement au bon droit pour tous les Marocains, ce qui repr\u00e9sente une soupape de s\u00e9curit\u00e9 et un v\u00e9ritable rempart pour la d\u00e9fense de la Patrie et la pr\u00e9servation des acquis, malgr\u00e9 les diff\u00e9rents d\u00e9fis et mutations sur les plans r\u00e9gional et continental.<\/p>\n<\/div>\n<p>Auteur: Mohammed KOURSI<br \/>\n<a href=\"http:\/\/www.mapmarrakech.ma\/fr\/sahara-le-discours-royal-une-confirmation-de-laneantissement-des-theses-hostiles\/\">Cliquez ici pour lire l&rsquo;article depuis sa source.<\/a><\/p>\n","protected":false},"excerpt":{"rendered":"<p>El Kel\u00e2a des Sraghna- Le Discours prononc\u00e9 par Sa Majest\u00e9 le Roi Mohammed VI \u00e0 l\u2019occasion du 45\u00e8me anniversaire de la glorieuse Marche Verte est une nette confirmation de l\u2019an\u00e9antissement de la th\u00e8se s\u00e9paratiste et de toutes celles qui sont hostiles \u00e0 l\u2019int\u00e9grit\u00e9 territoriale du Royaume, a soulign\u00e9 le directeur du centre universitaire polydisciplinaire \u00e0 [&hellip;]<\/p>\n","protected":false},"author":1788,"featured_media":0,"comment_status":"closed","ping_status":"closed","sticky":false,"template":"","format":"standard","meta":{"fifu_image_url":"","fifu_image_alt":"","footnotes":""},"categories":[54,76],"tags":[],"class_list":["post-104075","post","type-post","status-publish","format-standard","hentry","category-maroc","category-regions"],"_links":{"self":[{"href":"https:\/\/linitiative.ca\/International\/wp-json\/wp\/v2\/posts\/104075","targetHints":{"allow":["GET"]}}],"collection":[{"href":"https:\/\/linitiative.ca\/International\/wp-json\/wp\/v2\/posts"}],"about":[{"href":"https:\/\/linitiative.ca\/International\/wp-json\/wp\/v2\/types\/post"}],"author":[{"embeddable":true,"href":"https:\/\/linitiative.ca\/International\/wp-json\/wp\/v2\/users\/1788"}],"replies":[{"embeddable":true,"href":"https:\/\/linitiative.ca\/International\/wp-json\/wp\/v2\/comments?post=104075"}],"version-history":[{"count":0,"href":"https:\/\/linitiative.ca\/International\/wp-json\/wp\/v2\/posts\/104075\/revisions"}],"wp:attachment":[{"href":"https:\/\/linitiative.ca\/International\/wp-json\/wp\/v2\/media?parent=104075"}],"wp:term":[{"taxonomy":"category","embeddable":true,"href":"https:\/\/linitiative.ca\/International\/wp-json\/wp\/v2\/categories?post=104075"},{"taxonomy":"post_tag","embeddable":true,"href":"https:\/\/linitiative.ca\/International\/wp-json\/wp\/v2\/tags?post=104075"}],"curies":[{"name":"wp","href":"https:\/\/api.w.org\/{rel}","templated":true}]}}