{"id":104076,"date":"2020-11-08T03:20:45","date_gmt":"2020-11-08T08:20:45","guid":{"rendered":"https:\/\/linitiative.ca\/International\/le-moudjahid-khemaya-askiou-inhume-au-cimetiere-taghzit-a-illizi\/"},"modified":"2020-11-08T03:20:45","modified_gmt":"2020-11-08T08:20:45","slug":"le-moudjahid-khemaya-askiou-inhume-au-cimetiere-taghzit-a-illizi","status":"publish","type":"post","link":"https:\/\/linitiative.ca\/International\/le-moudjahid-khemaya-askiou-inhume-au-cimetiere-taghzit-a-illizi\/","title":{"rendered":"Le moudjahid Khemaya Askiou inhum\u00e9 au cimeti\u00e8re Taghzit \u00e0 Illizi"},"content":{"rendered":"<div readability=\"37\">\n<p><strong>ILLIZ- Le moudjahid Khemaya Askiou, d\u00e9c\u00e9d\u00e9 vendredi \u00e0 l&rsquo;\u00e2ge de 88 ans des suites d&rsquo;une longue maladie, a \u00e9t\u00e9 inhum\u00e9, samedi, au cimeti\u00e8re de Taghzit \u00e0 Illizi.<\/strong><\/p>\n<\/div>\n<div readability=\"63.5\">\n<p>Les autorit\u00e9s locales, une foule nombreuse de citoyens, ainsi que la famille et les compagnons du d\u00e9funt ont assist\u00e9 aux obs\u00e8ques.<\/p>\n<p>N\u00e9 en 1932 dans la r\u00e9gion de N&rsquo;Azdjer, le moudjahid Khemaya Askiou a rejoint les rangs de l&rsquo;Arm\u00e9e de lib\u00e9ration nationale (ALN) en 1959, et fut ainsi parmi les premiers qui ont r\u00e9pondu \u00e0 l&rsquo;appel du devoir national dans la r\u00e9gion du Tassili.<\/p>\n<blockquote readability=\"10\">\n<p><em><strong>Le d\u00e9funt moudjahid a pris part \u00e0 l&rsquo;organisation et \u00e0 l&rsquo;ex\u00e9cution de plusieurs op\u00e9rations de \u00ab\u00a0Fida\u00ef\u00a0\u00bb contre l&rsquo;occupant fran\u00e7ais dans la r\u00e9gion et a fait l&rsquo;objet de recherches par les autorit\u00e9s coloniales qui l&rsquo;ont condamn\u00e9 \u00e0 mort avant qu&rsquo;il ne s&rsquo;\u00e9vade, par la suite, des ge\u00f4les de l&rsquo;ennemi fran\u00e7ais.<\/strong><\/em><\/p>\n<\/blockquote>\n<p>Le d\u00e9funt moudjahid a particip\u00e9 \u00e0 l&rsquo;organisation et l&rsquo;ex\u00e9cution de nombreuses op\u00e9rations de commando contre le colonisateur fran\u00e7ais dans la r\u00e9gion, ce qui a conduit les autorit\u00e9s coloniales \u00e0 prononcer la peine de mort \u00e0 son encontre, avant qu&rsquo;il ne parvienne \u00e0 s&rsquo;\u00e9vader de prison.<\/p>\n<p>En cette douloureuse \u00e9preuve, le Premier ministre, Abdelaziz Djerad\u00a0 \u00e9crit sur sa pageTweeter : \u00ab\u00a0C&rsquo;est avec une immense tristesse que j&rsquo;ai appris le d\u00e9c\u00e8s du moudjahid de la wilaya d&rsquo;Illizi, Khemaya Askioue, ancien condamn\u00e9 \u00e0 mort. Je tiens \u00e0 pr\u00e9senter \u00e0 sa famille mes sinc\u00e8res condol\u00e9ances et \u00e0<\/p>\n<p>les assurer de ma profonde sympathie, priant Dieu Tout-Puissant d\u2019accorder au d\u00e9funt Sa Sainte Mis\u00e9ricorde et de pr\u00eater r\u00e9confort \u00e0 ses proches\u00a0\u00bb.<\/p>\n<\/div>\n<p>Auteur:<br \/>\n<a href=\"http:\/\/www.aps.dz\/regions\/112467-le-moudjahid-khemaya-askiou-inhume-au-cimetiere-taghzit-a-illizi\">Cliquez ici pour lire l&rsquo;article depuis sa source.<\/a><\/p>\n","protected":false},"excerpt":{"rendered":"<p>ILLIZ- Le moudjahid Khemaya Askiou, d\u00e9c\u00e9d\u00e9 vendredi \u00e0 l&rsquo;\u00e2ge de 88 ans des suites d&rsquo;une longue maladie, a \u00e9t\u00e9 inhum\u00e9, samedi, au cimeti\u00e8re de Taghzit \u00e0 Illizi. Les autorit\u00e9s locales, une foule nombreuse de citoyens, ainsi que la famille et les compagnons du d\u00e9funt ont assist\u00e9 aux obs\u00e8ques. N\u00e9 en 1932 dans la r\u00e9gion de [&hellip;]<\/p>\n","protected":false},"author":1790,"featured_media":0,"comment_status":"closed","ping_status":"closed","sticky":false,"template":"","format":"standard","meta":{"fifu_image_url":"","fifu_image_alt":"","footnotes":""},"categories":[53,76],"tags":[],"class_list":["post-104076","post","type-post","status-publish","format-standard","hentry","category-algerie","category-regions"],"_links":{"self":[{"href":"https:\/\/linitiative.ca\/International\/wp-json\/wp\/v2\/posts\/104076","targetHints":{"allow":["GET"]}}],"collection":[{"href":"https:\/\/linitiative.ca\/International\/wp-json\/wp\/v2\/posts"}],"about":[{"href":"https:\/\/linitiative.ca\/International\/wp-json\/wp\/v2\/types\/post"}],"author":[{"embeddable":true,"href":"https:\/\/linitiative.ca\/International\/wp-json\/wp\/v2\/users\/1790"}],"replies":[{"embeddable":true,"href":"https:\/\/linitiative.ca\/International\/wp-json\/wp\/v2\/comments?post=104076"}],"version-history":[{"count":0,"href":"https:\/\/linitiative.ca\/International\/wp-json\/wp\/v2\/posts\/104076\/revisions"}],"wp:attachment":[{"href":"https:\/\/linitiative.ca\/International\/wp-json\/wp\/v2\/media?parent=104076"}],"wp:term":[{"taxonomy":"category","embeddable":true,"href":"https:\/\/linitiative.ca\/International\/wp-json\/wp\/v2\/categories?post=104076"},{"taxonomy":"post_tag","embeddable":true,"href":"https:\/\/linitiative.ca\/International\/wp-json\/wp\/v2\/tags?post=104076"}],"curies":[{"name":"wp","href":"https:\/\/api.w.org\/{rel}","templated":true}]}}