{"id":104081,"date":"2020-11-08T15:13:21","date_gmt":"2020-11-08T20:13:21","guid":{"rendered":"https:\/\/linitiative.ca\/International\/international-psg-florenzi-aurait-deja-convaincu-leonardo\/"},"modified":"2020-11-08T15:13:21","modified_gmt":"2020-11-08T20:13:21","slug":"international-psg-florenzi-aurait-deja-convaincu-leonardo","status":"publish","type":"post","link":"https:\/\/linitiative.ca\/International\/international-psg-florenzi-aurait-deja-convaincu-leonardo\/","title":{"rendered":"International : PSG : Florenzi aurait d\u00e9j\u00e0 convaincu Leonardo"},"content":{"rendered":"<div readability=\"32\">\n<p>Auteur : <span class=\"time\">dimanche 08 novembre 2020 14:25<\/span><\/p>\n<\/div>\n<div id=\"post_core\" readability=\"41\">\n<p>Titulaire indiscutable sous les ordres de Thomas Tuchel, le joueur de 29 ans pourrait rapidement poser d\u00e9finitivement ses valises dans la capitale fran\u00e7aise.<\/p>\n<p>Selon les derni\u00e8res informations de\u00a0Todofichajes et Les-Transferts, Leonardo serait s\u00e9duit par l\u2019international transalpin. Le directeur sportif br\u00e9silien envisage prochainement de contacter l\u2019AS Roma pour n\u00e9gocier l\u2019option d\u2019achat que le PSG dispose.<\/p>\n<p><strong>Publi\u00e9 dans :<\/strong> <span>Leonardo<\/span> <span>PSG : Alessandro Florenzi<\/span><\/p>\n<\/div>\n<p>Auteur:<br \/>\n<a href=\"http:\/\/www.lebuteur.com\/article\/detail?titre=psg-florenzi-aurait-deja-convaincu-leonardo&#038;id=97882&#038;utm_source=feedburner&#038;utm_medium=feed&#038;utm_campaign=Feed%3A+GalerieFArtciles+%28Les+derniers+articles++-+lebuteur.com%29\">Cliquez ici pour lire l&rsquo;article depuis sa source.<\/a><\/p>\n","protected":false},"excerpt":{"rendered":"<p>Auteur : dimanche 08 novembre 2020 14:25 Titulaire indiscutable sous les ordres de Thomas Tuchel, le joueur de 29 ans pourrait rapidement poser d\u00e9finitivement ses valises dans la capitale fran\u00e7aise. Selon les derni\u00e8res informations de\u00a0Todofichajes et Les-Transferts, Leonardo serait s\u00e9duit par l\u2019international transalpin. Le directeur sportif br\u00e9silien envisage prochainement de contacter l\u2019AS Roma pour n\u00e9gocier [&hellip;]<\/p>\n","protected":false},"author":1738,"featured_media":104082,"comment_status":"closed","ping_status":"closed","sticky":false,"template":"","format":"standard","meta":{"fifu_image_url":"","fifu_image_alt":"","footnotes":""},"categories":[53,75],"tags":[],"class_list":["post-104081","post","type-post","status-publish","format-standard","has-post-thumbnail","hentry","category-algerie","category-sport"],"_links":{"self":[{"href":"https:\/\/linitiative.ca\/International\/wp-json\/wp\/v2\/posts\/104081","targetHints":{"allow":["GET"]}}],"collection":[{"href":"https:\/\/linitiative.ca\/International\/wp-json\/wp\/v2\/posts"}],"about":[{"href":"https:\/\/linitiative.ca\/International\/wp-json\/wp\/v2\/types\/post"}],"author":[{"embeddable":true,"href":"https:\/\/linitiative.ca\/International\/wp-json\/wp\/v2\/users\/1738"}],"replies":[{"embeddable":true,"href":"https:\/\/linitiative.ca\/International\/wp-json\/wp\/v2\/comments?post=104081"}],"version-history":[{"count":0,"href":"https:\/\/linitiative.ca\/International\/wp-json\/wp\/v2\/posts\/104081\/revisions"}],"wp:featuredmedia":[{"embeddable":true,"href":"https:\/\/linitiative.ca\/International\/wp-json\/"}],"wp:attachment":[{"href":"https:\/\/linitiative.ca\/International\/wp-json\/wp\/v2\/media?parent=104081"}],"wp:term":[{"taxonomy":"category","embeddable":true,"href":"https:\/\/linitiative.ca\/International\/wp-json\/wp\/v2\/categories?post=104081"},{"taxonomy":"post_tag","embeddable":true,"href":"https:\/\/linitiative.ca\/International\/wp-json\/wp\/v2\/tags?post=104081"}],"curies":[{"name":"wp","href":"https:\/\/api.w.org\/{rel}","templated":true}]}}