{"id":104083,"date":"2020-11-08T15:13:23","date_gmt":"2020-11-08T20:13:23","guid":{"rendered":"https:\/\/linitiative.ca\/International\/international-real-madrid-une-offre-sur-le-point-darriver-pour-luka-jovic\/"},"modified":"2020-11-08T15:13:23","modified_gmt":"2020-11-08T20:13:23","slug":"international-real-madrid-une-offre-sur-le-point-darriver-pour-luka-jovic","status":"publish","type":"post","link":"https:\/\/linitiative.ca\/International\/international-real-madrid-une-offre-sur-le-point-darriver-pour-luka-jovic\/","title":{"rendered":"International : Real Madrid : Une offre sur le point d\u2019arriver pour Luka Jovic"},"content":{"rendered":"<div readability=\"32\">\n<p>Auteur : <span class=\"time\">dimanche 08 novembre 2020 15:00<\/span><\/p>\n<\/div>\n<div id=\"post_core\" readability=\"40\">\n<p>Selon\u00a0Goal et Les-Transferts, il pourrait prendre la direction de l\u2019Angleterre pour relancer sa carri\u00e8re. La formation de\u00a0West Ham\u00a0serait candidate pour l\u2019accueillir.<\/p>\n<p>Les Hammers auraient pr\u00e9vu de formuler une offre sous de pr\u00eat pour le jeune buteur serbe. Une proposition que les Madril\u00e8nes accepteront sans probl\u00e8me. Reste \u00e0 savoir si une option d\u2019achat sera comprise dans le deal.<\/p>\n<p><strong>Publi\u00e9 dans :<\/strong> <span>Real Madrid : Luka Jovic<\/span><\/p>\n<\/div>\n<p>Auteur:<br \/>\n<a href=\"http:\/\/www.lebuteur.com\/article\/detail?titre=real-madrid-une-offre-sur-le-point-darriver-pour-luka-jovic&#038;id=97883&#038;utm_source=feedburner&#038;utm_medium=feed&#038;utm_campaign=Feed%3A+GalerieFArtciles+%28Les+derniers+articles++-+lebuteur.com%29\">Cliquez ici pour lire l&rsquo;article depuis sa source.<\/a><\/p>\n","protected":false},"excerpt":{"rendered":"<p>Auteur : dimanche 08 novembre 2020 15:00 Selon\u00a0Goal et Les-Transferts, il pourrait prendre la direction de l\u2019Angleterre pour relancer sa carri\u00e8re. La formation de\u00a0West Ham\u00a0serait candidate pour l\u2019accueillir. Les Hammers auraient pr\u00e9vu de formuler une offre sous de pr\u00eat pour le jeune buteur serbe. Une proposition que les Madril\u00e8nes accepteront sans probl\u00e8me. Reste \u00e0 savoir [&hellip;]<\/p>\n","protected":false},"author":1738,"featured_media":104084,"comment_status":"closed","ping_status":"closed","sticky":false,"template":"","format":"standard","meta":{"fifu_image_url":"","fifu_image_alt":"","footnotes":""},"categories":[53,75],"tags":[],"class_list":["post-104083","post","type-post","status-publish","format-standard","has-post-thumbnail","hentry","category-algerie","category-sport"],"_links":{"self":[{"href":"https:\/\/linitiative.ca\/International\/wp-json\/wp\/v2\/posts\/104083","targetHints":{"allow":["GET"]}}],"collection":[{"href":"https:\/\/linitiative.ca\/International\/wp-json\/wp\/v2\/posts"}],"about":[{"href":"https:\/\/linitiative.ca\/International\/wp-json\/wp\/v2\/types\/post"}],"author":[{"embeddable":true,"href":"https:\/\/linitiative.ca\/International\/wp-json\/wp\/v2\/users\/1738"}],"replies":[{"embeddable":true,"href":"https:\/\/linitiative.ca\/International\/wp-json\/wp\/v2\/comments?post=104083"}],"version-history":[{"count":0,"href":"https:\/\/linitiative.ca\/International\/wp-json\/wp\/v2\/posts\/104083\/revisions"}],"wp:featuredmedia":[{"embeddable":true,"href":"https:\/\/linitiative.ca\/International\/wp-json\/"}],"wp:attachment":[{"href":"https:\/\/linitiative.ca\/International\/wp-json\/wp\/v2\/media?parent=104083"}],"wp:term":[{"taxonomy":"category","embeddable":true,"href":"https:\/\/linitiative.ca\/International\/wp-json\/wp\/v2\/categories?post=104083"},{"taxonomy":"post_tag","embeddable":true,"href":"https:\/\/linitiative.ca\/International\/wp-json\/wp\/v2\/tags?post=104083"}],"curies":[{"name":"wp","href":"https:\/\/api.w.org\/{rel}","templated":true}]}}