{"id":104100,"date":"2020-11-08T10:49:00","date_gmt":"2020-11-08T15:49:00","guid":{"rendered":"https:\/\/linitiative.ca\/International\/lentreprise-algero-espagnole-fertial-mise-hors-de-cause\/"},"modified":"2020-11-08T10:49:00","modified_gmt":"2020-11-08T15:49:00","slug":"lentreprise-algero-espagnole-fertial-mise-hors-de-cause","status":"publish","type":"post","link":"https:\/\/linitiative.ca\/International\/lentreprise-algero-espagnole-fertial-mise-hors-de-cause\/","title":{"rendered":"L\u2019entreprise alg\u00e9ro-espagnole \u2018\u2019Fertial\u2019\u2019 mise hors de cause"},"content":{"rendered":"<p><br id=\"sep_para_1\" class=\"sep_para access\"\/><\/p>\n<div id=\"para_1\" class=\"para_39396121 resize\">\n<div class=\"texte access firstletter\">Le verdict du proc\u00e8s en appel de l\u2019homme d\u2019affaires Ali Haddad a \u00e9t\u00e9 caract\u00e9ris\u00e9 par des r\u00e9ductions de peines ou carr\u00e9ment des acquittements.\u00a0 C\u2019est le cas d\u2019ailleurs pour l\u2019entreprise alg\u00e9ro-espagnole des fertilisants Fertial.\u00a0 En effet, l\u2019entreprise Fertial,\u00a0 bas\u00e9e \u00e0 Annaba a annonc\u00e9 dans un communiqu\u00e9 qu\u2019il s\u2019agit de la lev\u00e9e de confiscation sur les 17% d\u00e9tenus par le groupe ETRHB dans le capital de cette entreprise. Pour rappel, en premi\u00e8re instance, le tribunal de Sidi M\u2019Hamed avait condamn\u00e9 Ali Haddad \u00e0 18 ans de prison ferme avec la confiscation de tous ses biens, dont les parts du groupe ETRHB Haddad dans le capital social de Fertial. Suite au verdict en appel, la soci\u00e9t\u00e9 a estim\u00e9, dans son communiqu\u00e9 rapport\u00e9 par El Watan, que \u00ab cette victoire nous soulage d\u2019une part, car le p\u00e9rennit\u00e9 de notre soci\u00e9t\u00e9 \u00e9tait engag\u00e9e et d\u2019autre part, nous conforte dans la confiance absolue que nous pla\u00e7ons dans le syst\u00e8me judiciaire alg\u00e9rien \u00bb.<\/div>\n<\/div>\n<p>Auteur: R\u00e9flexion<br \/>\n<a href=\"https:\/\/www.reflexiondz.net\/L-entreprise-algero-espagnole-Fertial-mise-hors-de-cause_a66205.html\">Cliquez ici pour lire l&rsquo;article depuis sa source.<\/a><\/p>\n","protected":false},"excerpt":{"rendered":"<p>Le verdict du proc\u00e8s en appel de l\u2019homme d\u2019affaires Ali Haddad a \u00e9t\u00e9 caract\u00e9ris\u00e9 par des r\u00e9ductions de peines ou carr\u00e9ment des acquittements.\u00a0 C\u2019est le cas d\u2019ailleurs pour l\u2019entreprise alg\u00e9ro-espagnole des fertilisants Fertial.\u00a0 En effet, l\u2019entreprise Fertial,\u00a0 bas\u00e9e \u00e0 Annaba a annonc\u00e9 dans un communiqu\u00e9 qu\u2019il s\u2019agit de la lev\u00e9e de confiscation sur les 17% [&hellip;]<\/p>\n","protected":false},"author":1740,"featured_media":0,"comment_status":"closed","ping_status":"closed","sticky":false,"template":"","format":"standard","meta":{"fifu_image_url":"","fifu_image_alt":"","footnotes":""},"categories":[53,76],"tags":[],"class_list":["post-104100","post","type-post","status-publish","format-standard","hentry","category-algerie","category-regions"],"_links":{"self":[{"href":"https:\/\/linitiative.ca\/International\/wp-json\/wp\/v2\/posts\/104100","targetHints":{"allow":["GET"]}}],"collection":[{"href":"https:\/\/linitiative.ca\/International\/wp-json\/wp\/v2\/posts"}],"about":[{"href":"https:\/\/linitiative.ca\/International\/wp-json\/wp\/v2\/types\/post"}],"author":[{"embeddable":true,"href":"https:\/\/linitiative.ca\/International\/wp-json\/wp\/v2\/users\/1740"}],"replies":[{"embeddable":true,"href":"https:\/\/linitiative.ca\/International\/wp-json\/wp\/v2\/comments?post=104100"}],"version-history":[{"count":0,"href":"https:\/\/linitiative.ca\/International\/wp-json\/wp\/v2\/posts\/104100\/revisions"}],"wp:attachment":[{"href":"https:\/\/linitiative.ca\/International\/wp-json\/wp\/v2\/media?parent=104100"}],"wp:term":[{"taxonomy":"category","embeddable":true,"href":"https:\/\/linitiative.ca\/International\/wp-json\/wp\/v2\/categories?post=104100"},{"taxonomy":"post_tag","embeddable":true,"href":"https:\/\/linitiative.ca\/International\/wp-json\/wp\/v2\/tags?post=104100"}],"curies":[{"name":"wp","href":"https:\/\/api.w.org\/{rel}","templated":true}]}}