{"id":104107,"date":"2020-11-08T13:01:00","date_gmt":"2020-11-08T18:01:00","guid":{"rendered":"https:\/\/linitiative.ca\/International\/lacceleration-de-la-digitalisation-du-secteur-du-transport-rencontre-entre-le-ministre-des-transports-et-de-la-logistique-accompagne-du-pdg-de-lommp-et-une-delegation-de-huawei\/"},"modified":"2020-11-08T13:01:00","modified_gmt":"2020-11-08T18:01:00","slug":"lacceleration-de-la-digitalisation-du-secteur-du-transport-rencontre-entre-le-ministre-des-transports-et-de-la-logistique-accompagne-du-pdg-de-lommp-et-une-delegation-de-huawei","status":"publish","type":"post","link":"https:\/\/linitiative.ca\/International\/lacceleration-de-la-digitalisation-du-secteur-du-transport-rencontre-entre-le-ministre-des-transports-et-de-la-logistique-accompagne-du-pdg-de-lommp-et-une-delegation-de-huawei\/","title":{"rendered":"L&rsquo;acc\u00e9l\u00e9ration de la digitalisation du secteur du transport : rencontre entre  le ministre des Transports et de la Logistique accompagn\u00e9 du Pdg de l&rsquo;OMMP et une d\u00e9l\u00e9gation de Huawei"},"content":{"rendered":"<p>Dans l\u2019optique d\u2019une \u00e9volution technologique continue et d\u2019une num\u00e9risation de la Tunisie, le Ministre des Transports et de la Logistique Moez Chakchouk et le pr\u00e9sident directeur g\u00e9n\u00e9ral de l\u2019OMMP, Mahmoud Bouziri et d\u2019autres cadres du minist\u00e8re se sont entretenus le mercredi 4 novembre avec une d\u00e9g\u00e9lation de Huawei Tunisie dont M. Adnane Ben Halima, Vice-Pr\u00e9sident en charge des Relations Publiques, Northern Africa Region (Afrique M\u00e9diterran\u00e9enne) au sujet de l&rsquo;acc\u00e9l\u00e9ration de la digitalisation du secteur des transports en Tunisie.<\/p>\n<p class=\"c2\"><img decoding=\"async\" src=\"\/uploads\/FCK_files\/123651502_3508837695876451_5861666018804839725_n.jpg\" width=\"100%\" vspace=\"5\" hspace=\"5\" align=\"middle\" alt=\"\"\/><\/p>\n<p>Lors de cet entretien, le ministre a rappel\u00e9 l\u2019historique de l\u2019implantation de Huawei en Tunisie et les liens solides entre le gouvernement et le peuple Tunisiens d&rsquo;une part et cette entreprise, d&rsquo;autre part. Il a \u00e9galement mis en exergue l\u2019importance du r\u00f4le du g\u00e9ant Huawei dans le secteur des TIC partout dans le monde.<\/p>\n<p>De leur c\u00f4t\u00e9, les \u00e9quipes de Huawei ont pr\u00e9sent\u00e9 les solutions technologiques pour les ports, les a\u00e9roports, les autoroutes et le transport ferroviaire et une logistique \u00e9cologique, efficace et collaborative ainsi que leur r\u00e9sultat financier des trois premiers trimestres de 2020.<\/p>\n<p>L&rsquo;\u00e9quipe de Huawei a profit\u00e9 de cette occasion pour pr\u00e9senter ses plateformes digitales (Big data, IA, IOT, 5G, Cloud) mettant en avant une vision du transport autour d\u2019un hub complet. S\u00e9curit\u00e9, efficacit\u00e9 et exp\u00e9rience sont les mots d\u2019ordre. Pour Huawei, une coop\u00e9ration gagnant-gagnant pour un transport intelligent se fera \u00e0 travers de meilleures pratiques, un partage d&rsquo;exp\u00e9rience mais \u00e9galement la formation des talents, l\u2019innovation commune et la collaboration avec des partenaires locaux.<\/p>\n<p>De son c\u00f4t\u00e9, le ministre a soulign\u00e9 l\u2019importance du projet en cours de l\u2019OMMP dans les ports de Rad\u00e8s, Goulette et Bizerte comme pionnier de la transformation num\u00e9rique du transport public : \u00ab Les \u00e9quipes doivent \u0153uvrer efficacement pour achever le projet d\u2019ici la fin de cette ann\u00e9e, en mettant au point un plan d\u2019action pour d\u00e9passer les blocages. \u00bb<\/p>\n<p>Auteur:<br \/>\n<a href=\"https:\/\/www.leaders.com.tn\/article\/30886-rencontre-entre-le-ministre-des-transports-et-de-la-logistique-et-une-delegation-de-huawei\">Cliquez ici pour lire l&rsquo;article depuis sa source.<\/a><\/p>\n","protected":false},"excerpt":{"rendered":"<p>Dans l\u2019optique d\u2019une \u00e9volution technologique continue et d\u2019une num\u00e9risation de la Tunisie, le Ministre des Transports et de la Logistique Moez Chakchouk et le pr\u00e9sident directeur g\u00e9n\u00e9ral de l\u2019OMMP, Mahmoud Bouziri et d\u2019autres cadres du minist\u00e8re se sont entretenus le mercredi 4 novembre avec une d\u00e9g\u00e9lation de Huawei Tunisie dont M. Adnane Ben Halima, Vice-Pr\u00e9sident [&hellip;]<\/p>\n","protected":false},"author":1772,"featured_media":104108,"comment_status":"closed","ping_status":"closed","sticky":false,"template":"","format":"standard","meta":{"fifu_image_url":"","fifu_image_alt":"","footnotes":""},"categories":[73,55],"tags":[],"class_list":["post-104107","post","type-post","status-publish","format-standard","has-post-thumbnail","hentry","category-actualite","category-tunisie"],"_links":{"self":[{"href":"https:\/\/linitiative.ca\/International\/wp-json\/wp\/v2\/posts\/104107","targetHints":{"allow":["GET"]}}],"collection":[{"href":"https:\/\/linitiative.ca\/International\/wp-json\/wp\/v2\/posts"}],"about":[{"href":"https:\/\/linitiative.ca\/International\/wp-json\/wp\/v2\/types\/post"}],"author":[{"embeddable":true,"href":"https:\/\/linitiative.ca\/International\/wp-json\/wp\/v2\/users\/1772"}],"replies":[{"embeddable":true,"href":"https:\/\/linitiative.ca\/International\/wp-json\/wp\/v2\/comments?post=104107"}],"version-history":[{"count":0,"href":"https:\/\/linitiative.ca\/International\/wp-json\/wp\/v2\/posts\/104107\/revisions"}],"wp:featuredmedia":[{"embeddable":true,"href":"https:\/\/linitiative.ca\/International\/wp-json\/"}],"wp:attachment":[{"href":"https:\/\/linitiative.ca\/International\/wp-json\/wp\/v2\/media?parent=104107"}],"wp:term":[{"taxonomy":"category","embeddable":true,"href":"https:\/\/linitiative.ca\/International\/wp-json\/wp\/v2\/categories?post=104107"},{"taxonomy":"post_tag","embeddable":true,"href":"https:\/\/linitiative.ca\/International\/wp-json\/wp\/v2\/tags?post=104107"}],"curies":[{"name":"wp","href":"https:\/\/api.w.org\/{rel}","templated":true}]}}