{"id":104111,"date":"2020-11-08T05:00:00","date_gmt":"2020-11-08T10:00:00","guid":{"rendered":"https:\/\/linitiative.ca\/International\/et-tandis-que-les-images-defilent\/"},"modified":"2020-11-08T05:00:00","modified_gmt":"2020-11-08T10:00:00","slug":"et-tandis-que-les-images-defilent","status":"publish","type":"post","link":"https:\/\/linitiative.ca\/International\/et-tandis-que-les-images-defilent\/","title":{"rendered":"Et tandis que les images d\u00e9filent\u2026"},"content":{"rendered":"<p class=\"c4\">Nous aurons, sans doute, \u00e9t\u00e9 nombreux \u00e0 suivre avec \u00e9motion, gr\u00e2ce aux vid\u00e9os publi\u00e9es sur les r\u00e9seaux sociaux, la c\u00e9r\u00e9monie qui alliait recueillement et adieux. Il est des mots qui frappent quand l\u2019opinion publique \u00e9prouve comme un besoin urgent de les dire, pour mieux accompagner et mieux dire son deuil !\u00a0<br \/>Et tandis que les images d\u00e9filent, on comprend pourquoi lorsque ce sont d\u2019anciens responsables qui s\u2019en vont, pour l\u2019\u00e9ternit\u00e9, rendre compte de leurs actes ici-bas, ils n\u2019inspirent pas, en disparaissant, ces \u00e9motions que seul le respect, que l\u2019on \u00e9prouve \u00e0 l\u2019\u00e9gard de quelqu\u2019un, suscite.<br \/>Le d\u00e9part de Lakhdar Bouregra\u00e2, l\u2019un des derniers t\u00e9moins de la guerre de lib\u00e9ration, a r\u00e9veill\u00e9 un ressentiment tout juste contenu. Une col\u00e8re qui marque de nouveau le pas et rappelle qu\u2019elle continue de couver et qu\u2019elle est pr\u00eate \u00e0 relancer la contesta \u00e0 la moindre douleur ou provocation. Depuis l\u2019apparition de la Covid-19, ceux qui, au c\u0153ur du syst\u00e8me, ne croyaient plus en une fin possible des marches hebdomadaires respirent un peu mieux.\u00a0\u00a0<br \/>L\u2019enterrement du moudjahid aura, pourtant, r\u00e9v\u00e9l\u00e9 bruyamment que les comptes n\u2019\u00e9taient toujours pas sold\u00e9s. La foule en col\u00e8re qui a accompagn\u00e9 le d\u00e9funt \u00e0 sa derni\u00e8re demeure a averti, \u00e0 haute voix, qu\u2019elle ne renon\u00e7ait pas \u00e0 ses revendications. Un d\u00e9ferlement de proches et d\u2019inconnus ont fait le d\u00e9placement pour lui dire un dernier merci.\u00a0<br \/>Emouvante communion, organis\u00e9e pour enrichir l\u2019histoire de ses engagements h\u00e9ro\u00efques dans un rejet unanime des nouveaux tenants de la m\u00e9moire alg\u00e9rienne. De tous ceux qui parlent avec arrogance et exaltation au nom des chouhada. Pourquoi ne pas plut\u00f4t rendre service au pays en renon\u00e7ant \u00e0 tromper l\u2019Alg\u00e9rie d\u2019en bas\u00a0 ? Quelqu\u2019un me disait en \u00e9voquant feu Bouregra\u00e2, emport\u00e9 par le maudit virus, qu\u2019il avait longtemps \u00e9t\u00e9 hant\u00e9 par ce que les \u00abil faut aller jusqu\u2019au bout\u00bb et \u00abmerci mille fois\u00bb avaient valu aux Alg\u00e9riens.\u00a0<br \/>Depuis que la rue a d\u00e9cid\u00e9 d\u2019attendre avant de donner ou non son quitus \u00e0 une candidature d\u00e9clar\u00e9e par les autres, mais pas par elle, le discours officiel destin\u00e9 \u00e0 l\u2019opinion publique n\u2019a pas chang\u00e9. Il n\u2019a pas plus mu\u00e9 pour gagner la sc\u00e8ne politique.<br \/><em><strong>M. B.\u00a0<\/strong><\/em><\/p>\n<p>Auteur:<br \/>\n<a href=\"https:\/\/www.lesoirdalgerie.com\/soit-dit-en-passant\/et-tandis-que-les-images-defilent-51039\">Cliquez ici pour lire l&rsquo;article depuis sa source.<\/a><\/p>\n","protected":false},"excerpt":{"rendered":"<p>Nous aurons, sans doute, \u00e9t\u00e9 nombreux \u00e0 suivre avec \u00e9motion, gr\u00e2ce aux vid\u00e9os publi\u00e9es sur les r\u00e9seaux sociaux, la c\u00e9r\u00e9monie qui alliait recueillement et adieux. Il est des mots qui frappent quand l\u2019opinion publique \u00e9prouve comme un besoin urgent de les dire, pour mieux accompagner et mieux dire son deuil !\u00a0Et tandis que les images [&hellip;]<\/p>\n","protected":false},"author":1741,"featured_media":0,"comment_status":"closed","ping_status":"closed","sticky":false,"template":"","format":"standard","meta":{"fifu_image_url":"","fifu_image_alt":"","footnotes":""},"categories":[73,53],"tags":[],"class_list":["post-104111","post","type-post","status-publish","format-standard","hentry","category-actualite","category-algerie"],"_links":{"self":[{"href":"https:\/\/linitiative.ca\/International\/wp-json\/wp\/v2\/posts\/104111","targetHints":{"allow":["GET"]}}],"collection":[{"href":"https:\/\/linitiative.ca\/International\/wp-json\/wp\/v2\/posts"}],"about":[{"href":"https:\/\/linitiative.ca\/International\/wp-json\/wp\/v2\/types\/post"}],"author":[{"embeddable":true,"href":"https:\/\/linitiative.ca\/International\/wp-json\/wp\/v2\/users\/1741"}],"replies":[{"embeddable":true,"href":"https:\/\/linitiative.ca\/International\/wp-json\/wp\/v2\/comments?post=104111"}],"version-history":[{"count":0,"href":"https:\/\/linitiative.ca\/International\/wp-json\/wp\/v2\/posts\/104111\/revisions"}],"wp:attachment":[{"href":"https:\/\/linitiative.ca\/International\/wp-json\/wp\/v2\/media?parent=104111"}],"wp:term":[{"taxonomy":"category","embeddable":true,"href":"https:\/\/linitiative.ca\/International\/wp-json\/wp\/v2\/categories?post=104111"},{"taxonomy":"post_tag","embeddable":true,"href":"https:\/\/linitiative.ca\/International\/wp-json\/wp\/v2\/tags?post=104111"}],"curies":[{"name":"wp","href":"https:\/\/api.w.org\/{rel}","templated":true}]}}