{"id":104115,"date":"2020-11-08T06:06:21","date_gmt":"2020-11-08T11:06:21","guid":{"rendered":"https:\/\/linitiative.ca\/International\/45-eme-anniversaire-de-la-marche-verte-le-volet-economique-du-discours-royal\/"},"modified":"2020-11-08T06:06:21","modified_gmt":"2020-11-08T11:06:21","slug":"45-eme-anniversaire-de-la-marche-verte-le-volet-economique-du-discours-royal","status":"publish","type":"post","link":"https:\/\/linitiative.ca\/International\/45-eme-anniversaire-de-la-marche-verte-le-volet-economique-du-discours-royal\/","title":{"rendered":"45 \u00e8me anniversaire de la Marche Verte : Le volet \u00e9conomique du Discours Royal"},"content":{"rendered":"<p><strong>Si le Souverain a adress\u00e9 \u00e0 la\u00a0 nation hier samedi 7 novembre, \u00e0 l\u2019occasion du 45 \u00e8me anniversaire de la Marche Verte, un discours \u00e0 forte connotation politique, relatif \u00e0 la situation dans le Sahara marocain,\u00a0\u00a0 le volet \u00e9conomique y \u00e9tait \u00e9galement tr\u00e8s pr\u00e9sent. Les d\u00e9tails.<\/strong><\/p>\n<div class=\"c10\"\/>\n<p>SM le Roi Mohammed VI a r\u00e9it\u00e9r\u00e9 l\u2019engagement de faire des provinces du Sud un moteur de d\u00e9veloppement r\u00e9gional et continental.\u00a0 \u00ab\u00a0Notre engagement \u00e0 consolider la Marocanit\u00e9 du Sahara au niveau international n\u2019a d\u2019\u00e9gal que Notre action soutenue pour que nos provinces sahraouies deviennent un moteur du d\u00e9veloppement r\u00e9gional et continental\u00a0\u00bb, a affirm\u00e9 le Souverain qui a relev\u00e9, dans son discours \u00e0 l\u2019occasion du 45\u00e8 anniversaire de la Marche Verte, que le moment est venu de mettre en valeur les nombreuses potentialit\u00e9s que rec\u00e8le le domaine maritime des provinces du sud du Royaume, et ce afin de parachever les grands projets en cours de r\u00e9alisation dans ces provinces.\u00a0<\/p>\n<p>C\u2019est pourquoi, a-t-il rappel\u00e9, qu\u2019au cours de l\u2019ann\u00e9e 2020, et en totale conformit\u00e9 avec les principes du droit international, \u00ab\u00a0le Maroc a men\u00e9 \u00e0 terme la d\u00e9limitation de ses espaces maritimes, en les incorporant dans l\u2019arsenal juridique marocain\u00a0\u00bb.\u00a0<\/p>\n<p><strong>Lire aussi|<a href=\"https:\/\/www.challenge.ma\/sm-le-roi-85-des-etats-membres-des-nations-unies-ne-reconnaissent-pas-lentite-factice-164460\/\">SM le Roi : \u00ab85% des \u00c9tats membres des Nations Unies, ne reconnaissent pas l\u2019entit\u00e9 factice \u00bb<\/a><\/strong><\/p>\n<p>D\u2019autre part, le Souverain a fait savoir que le Maroc entend poursuivre, avec constance, le dialogue engag\u00e9 avec l\u2019Espagne au sujet des zones de chevauchement des eaux territoriales des deux pays amis.\u00a0 Ce dialogue s\u2019inscrira dans le cadre du droit de la mer et respectera le partenariat qui les unit, loin de toute volont\u00e9 unilat\u00e9rale d\u2019imposer le fait accompli, a pr\u00e9cis\u00e9 SM le Roi.\u00a0 De fait, en d\u00e9finissant clairement le cadre et les fronti\u00e8res des espaces maritimes plac\u00e9s sous la souverainet\u00e9 du Royaume, \u00ab\u00a0le plan mis en \u0153uvre pour impulser l\u2019essor socio-\u00e9conomique de la r\u00e9gion sera indubitablement consolid\u00e9\u00a0\u00bb.<\/p>\n<p>Ainsi, les provinces du Sud sont appel\u00e9s \u00e0 jouer un r\u00f4le de premier plan dans le d\u00e9veloppement du pays.\u00a0 \u00abLa fa\u00e7ade atlantique Sud du Royaume, situ\u00e9e face au Sahara marocain, constituera une interface maritime d\u2019int\u00e9gration \u00e9conomique et un foyer de rayonnement continental et international. De fait, d\u2019ores et d\u00e9j\u00e0 Tanger-Med est reconnu comme le premier port en Afrique ; le port Dakhla Atlantique contribuera \u00e0 consacrer cette tendance\u00bb, a ajout\u00e9 SM le Roi, notant que ces territoires qui abondent en ressources et en potentialit\u00e9s, sur terre comme en mer, servira ainsi de passerelle et de trait d\u2019union entre le Maroc et sa profondeur africaine.\u00a0<\/p>\n<p>A cet \u00e9gard, il importe d\u2019investir dans les espaces maritimes, tant pour le dessalement de l\u2019eau de mer que pour l\u2019exploitation des \u00e9nergies renouvelables d\u2019origine \u00e9olienne ou hydrolienne \u00bb, a fait valoir le Souverain.<\/p>\n<p>Parall\u00e8lement, le Souverain a invit\u00e9 \u00e0 poursuivre la promotion du secteur de la p\u00eache maritime, compte tenu de son r\u00f4le dans le d\u00e9veloppement de l\u2019\u00e9conomie de la r\u00e9gion.<\/p>\n<p>Outre la p\u00eache maritime, le Souverain a \u00e9galement soulign\u00e9 la n\u00e9cessit\u00e9 d\u2019\u00ab\u00a0insuffler une nouvelle dynamique\u00a0\u00bb au plan Azur pour qu\u2019il devienne un \u00ab\u00a0levier strat\u00e9gique au service de la relance du secteur touristique dans la r\u00e9gion\u00a0\u00bb et pour que celle-ci s\u2019affirme comme une v\u00e9ritable destination du tourisme baln\u00e9aire.<\/p>\n<p><strong>Lire aussi|<a href=\"https:\/\/www.challenge.ma\/discours-de-s-m-le-roi-a-loccasion-de-la-marche-verte-live-164447\/\">Discours de S.M. le Roi \u00e0 l\u2019occasion de la Marche Verte [Live]<\/a><\/strong><\/p>\n<p>Auteur: challenge<br \/>\n<a href=\"https:\/\/www.challenge.ma\/45-eme-anniversaire-de-la-marche-verte-le-volet-economique-du-discours-royal-164465\/\">Cliquez ici pour lire l&rsquo;article depuis sa source.<\/a><\/p>\n","protected":false},"excerpt":{"rendered":"<p>Si le Souverain a adress\u00e9 \u00e0 la\u00a0 nation hier samedi 7 novembre, \u00e0 l\u2019occasion du 45 \u00e8me anniversaire de la Marche Verte, un discours \u00e0 forte connotation politique, relatif \u00e0 la situation dans le Sahara marocain,\u00a0\u00a0 le volet \u00e9conomique y \u00e9tait \u00e9galement tr\u00e8s pr\u00e9sent. Les d\u00e9tails. SM le Roi Mohammed VI a r\u00e9it\u00e9r\u00e9 l\u2019engagement de [&hellip;]<\/p>\n","protected":false},"author":1787,"featured_media":0,"comment_status":"closed","ping_status":"closed","sticky":false,"template":"","format":"standard","meta":{"fifu_image_url":"","fifu_image_alt":"","footnotes":""},"categories":[78,54],"tags":[],"class_list":["post-104115","post","type-post","status-publish","format-standard","hentry","category-economie","category-maroc"],"_links":{"self":[{"href":"https:\/\/linitiative.ca\/International\/wp-json\/wp\/v2\/posts\/104115","targetHints":{"allow":["GET"]}}],"collection":[{"href":"https:\/\/linitiative.ca\/International\/wp-json\/wp\/v2\/posts"}],"about":[{"href":"https:\/\/linitiative.ca\/International\/wp-json\/wp\/v2\/types\/post"}],"author":[{"embeddable":true,"href":"https:\/\/linitiative.ca\/International\/wp-json\/wp\/v2\/users\/1787"}],"replies":[{"embeddable":true,"href":"https:\/\/linitiative.ca\/International\/wp-json\/wp\/v2\/comments?post=104115"}],"version-history":[{"count":0,"href":"https:\/\/linitiative.ca\/International\/wp-json\/wp\/v2\/posts\/104115\/revisions"}],"wp:attachment":[{"href":"https:\/\/linitiative.ca\/International\/wp-json\/wp\/v2\/media?parent=104115"}],"wp:term":[{"taxonomy":"category","embeddable":true,"href":"https:\/\/linitiative.ca\/International\/wp-json\/wp\/v2\/categories?post=104115"},{"taxonomy":"post_tag","embeddable":true,"href":"https:\/\/linitiative.ca\/International\/wp-json\/wp\/v2\/tags?post=104115"}],"curies":[{"name":"wp","href":"https:\/\/api.w.org\/{rel}","templated":true}]}}