{"id":104116,"date":"2020-11-08T07:00:07","date_gmt":"2020-11-08T12:00:07","guid":{"rendered":"https:\/\/linitiative.ca\/International\/joe-biden-son-premier-discours-de-nouveau-president-americain\/"},"modified":"2020-11-08T07:00:07","modified_gmt":"2020-11-08T12:00:07","slug":"joe-biden-son-premier-discours-de-nouveau-president-americain","status":"publish","type":"post","link":"https:\/\/linitiative.ca\/International\/joe-biden-son-premier-discours-de-nouveau-president-americain\/","title":{"rendered":"Joe Biden : son premier discours de nouveau pr\u00e9sident am\u00e9ricain"},"content":{"rendered":"<p><strong>Apr\u00e8s la confirmation de sa victoire hier samedi 7 novembre, Joe Biden a donn\u00e9, dans la soir\u00e9e aux Etats-Unis,\u00a0 son premier discours de nouveau pr\u00e9sident am\u00e9ricain \u00e9lu. Il s\u2019engage \u00e0 \u00eatre \u00abun pr\u00e9sident qui rassemble\u00bb.\u00a0<\/strong><\/p>\n<div class=\"c10\"\/>\n<p>C\u2019est depuis sa ville de Wilmington, dans le Delaware, dont il fut s\u00e9nateur pendant trente-six ans que le nouveau pr\u00e9sident des Etats-Unis s\u2019est adress\u00e9 au peuple am\u00e9ricain.\u00a0\u00a0\u00a0<\/p>\n<p>D\u00e8s le d\u00e9but de son propos, Joe Biden a remerci\u00e9 les Am\u00e9ricains pour la confiance et d\u2019avoir vot\u00e9 en masse. Ainsi, il appelle \u00e0 l\u2019unit\u00e9 et au rassemblement des Etats-Unis pour instaurer les valeurs et la d\u00e9mocratie. \u00ab Je vais travailler pour tout le peuple pour obtenir votre confiance. Je me suis engag\u00e9 pour reconstruire l\u2019\u00e2me des Etats-Unis \u00bb, confia le d\u00e9mocrate tout en consid\u00e9rant que l\u2019Am\u00e9rique doit \u00eatre respect\u00e9e sur la sc\u00e8ne internationale.<\/p>\n<p>Pand\u00e9mie oblige, devant plus de 350 voitures rassembl\u00e9es et des milliers de partisans se trouvant \u00e0 l\u2019ext\u00e9rieur d\u2019un grand parking, le d\u00e9mocrate a d\u00e9clar\u00e9 qu\u2019il \u00e9tait \u00ab temps de gu\u00e9rir l\u2019Am\u00e9rique \u00bb, de \u00ab panser les plaies \u00bb. \u00ab Voyons-nous, parlons-nous \u00bb, \u00ab donnons nous une chance \u00bb, a-t-il plaid\u00e9, \u00e0 l\u2019issue d\u2019une campagne tr\u00e8s caustique, appelant les Am\u00e9ricains ne plus traiter leurs \u00ab opposants comme des ennemis \u00bb.<\/p>\n<p>D\u00e9clar\u00e9 vainqueur hier samedi 7 novembre gr\u00e2ce \u00e0 sa victoire en Pennsylvanie, il prendra en janvier les r\u00eanes d\u2019un pays profond\u00e9ment polaris\u00e9 par quatre ans d\u2019une pr\u00e9sidence Trump chaotique et clivante. Ce qui laisse penser d\u2019ailleurs que la transition sera tr\u00e8s d\u00e9licate. Sans un mot pour son adversaire, Joe Biden a dit comprendre la \u00ab d\u00e9ception \u00bb des \u00e9lecteurs de Donald Trump, qui refuse d\u2019admettre sa d\u00e9faite. \u00ab Moi-m\u00eame, j\u2019ai perdu des \u00e9lections, mais [\u2026] il est temps de laisser de c\u00f4t\u00e9 les rh\u00e9toriques abrasives, de faire baisser la temp\u00e9rature \u00bb, a-t-il d\u00e9clar\u00e9. Il est temps de se rassembler a souhait\u00e9 Joe Biden : \u00ab Je travaillerai aussi dur pour ceux qui n\u2019ont pas vot\u00e9 pour moi, que pour ceux qui m\u2019ont choisi \u00bb, a-t-il encore promis.<\/p>\n<p><strong>Lire aussi|<a href=\"https:\/\/www.challenge.ma\/45-eme-anniversaire-de-la-marche-verte-le-volet-economique-du-discours-royal-164465\/\">45 \u00e8me anniversaire de la Marche Verte : Le volet \u00e9conomique du Discours Royal<\/a><\/strong><\/p>\n<p>Outre cette qu\u00eate de r\u00e9conciliation, Joe Biden a mis l\u2019accent sur la n\u00e9cessit\u00e9 de \u00abcoop\u00e9rer\u00bb et de chercher des compromis, une attitude qui a d\u00e9fini sa longue carri\u00e8re politique, au S\u00e9nat en particulier. \u00abLaissons l\u2019\u00e8re sombre de la diabolisation en Am\u00e9rique commencer \u00e0 se refermer, ici et maintenant\u00bb, a-t-il exhort\u00e9, soulignant que l\u2019absence de coop\u00e9ration entre d\u00e9mocrates et r\u00e9publicains relevait d\u2019un \u00abchoix\u00bb politique, et non d\u2019une \u00abforce myst\u00e9rieuse hors de notre contr\u00f4le\u00bb.\u00a0\u00a0 \u00ab J\u2019ai fait campagne pour restaurer l\u2019\u00e2me de l\u2019Am\u00e9rique, reconstruire la colonne vert\u00e9brale de cette nation, la classe moyenne, et faire que l\u2019Am\u00e9rique soit de nouveau respect\u00e9e dans le monde \u00bb, a encore dit le pr\u00e9sident \u00e9lu.<\/p>\n<p>Panser les plaies \u00e9galement au sens propre : le Covid-19 qui ravage les \u00c9tats-Unis sera la priorit\u00e9 du pr\u00e9sident Biden, qui a annonc\u00e9 dans son discours la cr\u00e9ation d\u2019un groupe de scientifiques d\u00e8s demain lundi 9 novembre.<\/p>\n<p><strong>Lire aussi|<a href=\"https:\/\/www.challenge.ma\/sm-le-roi-85-des-etats-membres-des-nations-unies-ne-reconnaissent-pas-lentite-factice-164460\/\">SM le Roi : \u00ab85% des \u00c9tats membres des Nations Unies, ne reconnaissent pas l\u2019entit\u00e9 factice \u00bb<\/a><\/strong><\/p>\n<p>Auteur: challenge<br \/>\n<a href=\"https:\/\/www.challenge.ma\/joe-biden-son-premier-discours-de-nouveau-president-americain-164470\/\">Cliquez ici pour lire l&rsquo;article depuis sa source.<\/a><\/p>\n","protected":false},"excerpt":{"rendered":"<p>Apr\u00e8s la confirmation de sa victoire hier samedi 7 novembre, Joe Biden a donn\u00e9, dans la soir\u00e9e aux Etats-Unis,\u00a0 son premier discours de nouveau pr\u00e9sident am\u00e9ricain \u00e9lu. Il s\u2019engage \u00e0 \u00eatre \u00abun pr\u00e9sident qui rassemble\u00bb.\u00a0 C\u2019est depuis sa ville de Wilmington, dans le Delaware, dont il fut s\u00e9nateur pendant trente-six ans que le nouveau pr\u00e9sident [&hellip;]<\/p>\n","protected":false},"author":1787,"featured_media":0,"comment_status":"closed","ping_status":"closed","sticky":false,"template":"","format":"standard","meta":{"fifu_image_url":"","fifu_image_alt":"","footnotes":""},"categories":[78,54],"tags":[],"class_list":["post-104116","post","type-post","status-publish","format-standard","hentry","category-economie","category-maroc"],"_links":{"self":[{"href":"https:\/\/linitiative.ca\/International\/wp-json\/wp\/v2\/posts\/104116","targetHints":{"allow":["GET"]}}],"collection":[{"href":"https:\/\/linitiative.ca\/International\/wp-json\/wp\/v2\/posts"}],"about":[{"href":"https:\/\/linitiative.ca\/International\/wp-json\/wp\/v2\/types\/post"}],"author":[{"embeddable":true,"href":"https:\/\/linitiative.ca\/International\/wp-json\/wp\/v2\/users\/1787"}],"replies":[{"embeddable":true,"href":"https:\/\/linitiative.ca\/International\/wp-json\/wp\/v2\/comments?post=104116"}],"version-history":[{"count":0,"href":"https:\/\/linitiative.ca\/International\/wp-json\/wp\/v2\/posts\/104116\/revisions"}],"wp:attachment":[{"href":"https:\/\/linitiative.ca\/International\/wp-json\/wp\/v2\/media?parent=104116"}],"wp:term":[{"taxonomy":"category","embeddable":true,"href":"https:\/\/linitiative.ca\/International\/wp-json\/wp\/v2\/categories?post=104116"},{"taxonomy":"post_tag","embeddable":true,"href":"https:\/\/linitiative.ca\/International\/wp-json\/wp\/v2\/tags?post=104116"}],"curies":[{"name":"wp","href":"https:\/\/api.w.org\/{rel}","templated":true}]}}