{"id":104122,"date":"2020-11-08T16:49:43","date_gmt":"2020-11-08T21:49:43","guid":{"rendered":"https:\/\/linitiative.ca\/International\/tunisie-retour-en-force-dabdellatif-makki-a-quoi-aspire-t-il\/"},"modified":"2020-11-08T16:49:43","modified_gmt":"2020-11-08T21:49:43","slug":"tunisie-retour-en-force-dabdellatif-makki-a-quoi-aspire-t-il","status":"publish","type":"post","link":"https:\/\/linitiative.ca\/International\/tunisie-retour-en-force-dabdellatif-makki-a-quoi-aspire-t-il\/","title":{"rendered":"Tunisie \u2013 Retour en force d\u2019Abdellatif Makki\u00a0: A quoi aspire-t-il\u00a0?"},"content":{"rendered":"<div class=\"post-cont-in left relative\">\n<div id=\"post-info-wrap\" class=\"left relative post-info-out\">\n<div class=\"post-info-img left relative\"><img loading=\"lazy\" decoding=\"async\" alt=\"\" src=\"https:\/\/secure.gravatar.com\/avatar\/047123be9d5e8513774383916ee72db2?s=50&amp;d=mm&amp;r=g\" srcset=\"https:\/\/secure.gravatar.com\/avatar\/047123be9d5e8513774383916ee72db2?s=100&amp;d=mm&amp;r=g 2x\" class=\"avatar avatar-50 photo\" height=\"50\" width=\"50\"\/><\/div>\n<div class=\"post-info-in\">\n<div class=\"post-info-right left relative post-info-name left relative\"><span itemprop=\"author\" itemscope=\"\" itemtype=\"https:\/\/schema.org\/Person\"><span class=\"post-info-text\">Par<\/span> <span class=\"author-name vcard fn author\" itemprop=\"name\"><a href=\"https:\/\/www.tunisienumerique.com\/author\/lm\/\" title=\"Articles par LM\" rel=\"author\">LM<\/a><\/span><\/span> <span class=\"post-date updated\"><time class=\"post-date updated\" itemprop=\"datePublished\" datetime=\"2020-11-08\">\u00a0| Il y a 16 secondes<\/time><\/span><\/div>\n<div class=\"left relative\"><button id=\"listenButton1\" class=\"responsivevoice-button\" type=\"button\" value=\"Play\" title=\"&#xC9;coutez l'article\"><span>\ud83d\udd0a \u00c9coutez l&rsquo;article<\/span><\/button> <\/div>\n<\/div>\n<\/div>\n<p>Le dirigeant du parti islamiste d\u2019Ennahdha, et ex- ministre de la sant\u00e9, Abdellatif Makki, multiplie, depuis quelques jours, les sorties m\u00e9diatiques, sur tous les supports qui se pr\u00eatent \u00e0 lui. Des micros des radios aux plateaux TV.<\/p>\n<div class=\"code-block code-block-1 c4\"><ins class=\"adsbygoogle c3\" data-ad-layout=\"in-article\" data-ad-format=\"fluid\" data-ad-client=\"ca-pub-2102118777505746\" data-ad-slot=\"7301775417\"\/> <\/div>\n<p>Il ne tarit pas d\u2019\u00e9loges sur sa personne, et \u00e9num\u00e8re ses exploits quand il \u00e9tait \u00e0 la t\u00eate du minist\u00e8re de la sant\u00e9, en s\u2019appropriant les r\u00e9sultats du travail des autres, qu\u2019il ne cite que furtivement du bout des l\u00e8vres.<\/p>\n<p>Ce retour au devant de la sc\u00e8ne d\u2019Abdellatif Makki, apr\u00e8s sa courte travers\u00e9e du d\u00e9sert qui a suivi son d\u00e9part du minist\u00e8re de la sant\u00e9, \u00e0 l\u2019issue de la d\u00e9mission du gouvernement dont il faisait partie, ne peut pas \u00eatre fortuit, et innocent. Il est tr\u00e8s improbable que Makki \u00a0soit revenu juste par nostalgie des feux de la rampe.<\/p>\n<p>S\u2019il est revenu avec une telle insistance, C\u2019est qu\u2019il doit bien avoir une id\u00e9e derri\u00e8re la t\u00eate. Il doit bien avoir un objectif devant les yeux, pour lequel il est en train de s\u2019investir de cette fa\u00e7on.<\/p>\n<p>Certains observateurs pensent, qu\u2019avec les d\u00e9boires de l\u2019actuel ministre de la sant\u00e9, dans sa gestion de la deuxi\u00e8me vague du covid, Abdellatif Makki se serait mis dans la t\u00eate qu\u2019il est temps de faire valoir son aptitude \u00e0 reprendre les r\u00eanes du minist\u00e8re.<\/p>\n<p>D\u2019autres pensent, plut\u00f4t, que le projet d\u2019Abdellatif Makki n\u2019a rien \u00e0 voir avec le\u00a0 gouvernement ni l\u2019administration. Il serait, selon eux, simplement, en train de se forger une image en rappelant ses exploits, et en rappelant, aussi, son long parcours de militant politique, juste pour pouvoir pr\u00e9tendre briguer le poste tant convoit\u00e9 du pr\u00e9sident d\u2019Ennahdha, en remplacement du Cheikh Rached Ghannouchi. Car il ne faudrait pas perdre de vue le fait que Makki est une figure de proue du clan qui refuse \u00e0 Ghannouchi le droit de postuler \u00e0 un nouveau mandat \u00e0 la t\u00eate du parti.<\/p>\n<div class=\"swp_social_panel swp_horizontal_panel swp_flat_fresh swp_default_full_color swp_individual_full_color swp_other_full_color scale-100 scale-\" data-min-width=\"1100\" data-float-color=\"#ffffff\" data-float=\"bottom\" data-float-mobile=\"bottom\" data-transition=\"slide\">\n<div class=\"nc_tweetContainer swp_share_button total_shares total_sharesalt\"><span class=\"swp_count\">1 <span class=\"swp_label\">Partages<\/span><\/span><\/div>\n<\/div>\n<p><strong>Que se passe-t-il en Tunisie?<\/strong><br \/>Nous expliquons sur notre <a href=\"https:\/\/www.youtube.com\/channel\/UCRzypVq0B_yBad5eGrwBx0Q?sub_confirmation=1\" target=\"_blank\" rel=\"noopener noreferrer\">cha\u00eene YouTube<\/a> . <a href=\"https:\/\/www.youtube.com\/channel\/UCRzypVq0B_yBad5eGrwBx0Q?sub_confirmation=1\" target=\"_blank\" rel=\"noopener noreferrer\">Abonnez-vous!<\/a><\/p>\n<div class=\"mvp-org-wrap mvp-org-logo\" itemprop=\"publisher\" itemscope=\"\" itemtype=\"https:\/\/schema.org\/Organization\"><img decoding=\"async\" src=\"https:\/\/www.tunisienumerique.com\/wp-content\/uploads\/2017\/02\/logo_tunisie_numerique.png\"\/><\/div>\n<div class=\"mvp-related-posts left relative\">\n<h4 class=\"post-header\"><span class=\"post-header\">Lire aussi<\/span><\/h4>\n<\/div>\n<div id=\"article-ad\"><ins class=\"adsbygoogle c5\" data-ad-client=\"ca-pub-2102118777505746\" data-ad-slot=\"6513972734\" data-ad-format=\"auto\" data-full-width-responsive=\"true\"\/> <\/div>\n<\/div>\n<div id=\"post-sidebar-wrap\"><ins class=\"adsbygoogle c5\" data-ad-client=\"ca-pub-2102118777505746\" data-ad-slot=\"6168283410\" data-ad-format=\"auto\" data-full-width-responsive=\"true\"\/> <\/div>\n<p>Auteur: LM<br \/>\n<a href=\"https:\/\/www.tunisienumerique.com\/tunisie-retour-en-force-dabdellatif-makki-a-quoi-aspire-t-il\/\">Cliquez ici pour lire l&rsquo;article depuis sa source.<\/a><\/p>\n","protected":false},"excerpt":{"rendered":"<p>Par LM \u00a0| Il y a 16 secondes \ud83d\udd0a \u00c9coutez l&rsquo;article Le dirigeant du parti islamiste d\u2019Ennahdha, et ex- ministre de la sant\u00e9, Abdellatif Makki, multiplie, depuis quelques jours, les sorties m\u00e9diatiques, sur tous les supports qui se pr\u00eatent \u00e0 lui. Des micros des radios aux plateaux TV. Il ne tarit pas d\u2019\u00e9loges sur sa [&hellip;]<\/p>\n","protected":false},"author":1789,"featured_media":0,"comment_status":"closed","ping_status":"closed","sticky":false,"template":"","format":"standard","meta":{"fifu_image_url":"","fifu_image_alt":"","footnotes":""},"categories":[73,55],"tags":[],"class_list":["post-104122","post","type-post","status-publish","format-standard","hentry","category-actualite","category-tunisie"],"_links":{"self":[{"href":"https:\/\/linitiative.ca\/International\/wp-json\/wp\/v2\/posts\/104122","targetHints":{"allow":["GET"]}}],"collection":[{"href":"https:\/\/linitiative.ca\/International\/wp-json\/wp\/v2\/posts"}],"about":[{"href":"https:\/\/linitiative.ca\/International\/wp-json\/wp\/v2\/types\/post"}],"author":[{"embeddable":true,"href":"https:\/\/linitiative.ca\/International\/wp-json\/wp\/v2\/users\/1789"}],"replies":[{"embeddable":true,"href":"https:\/\/linitiative.ca\/International\/wp-json\/wp\/v2\/comments?post=104122"}],"version-history":[{"count":0,"href":"https:\/\/linitiative.ca\/International\/wp-json\/wp\/v2\/posts\/104122\/revisions"}],"wp:attachment":[{"href":"https:\/\/linitiative.ca\/International\/wp-json\/wp\/v2\/media?parent=104122"}],"wp:term":[{"taxonomy":"category","embeddable":true,"href":"https:\/\/linitiative.ca\/International\/wp-json\/wp\/v2\/categories?post=104122"},{"taxonomy":"post_tag","embeddable":true,"href":"https:\/\/linitiative.ca\/International\/wp-json\/wp\/v2\/tags?post=104122"}],"curies":[{"name":"wp","href":"https:\/\/api.w.org\/{rel}","templated":true}]}}