{"id":104123,"date":"2020-11-08T17:12:07","date_gmt":"2020-11-08T22:12:07","guid":{"rendered":"https:\/\/linitiative.ca\/International\/tunisie-ghannouchi-adresse-un-clin-doeil-pas-tres-gentil-a-kais-saied\/"},"modified":"2020-11-08T17:12:07","modified_gmt":"2020-11-08T22:12:07","slug":"tunisie-ghannouchi-adresse-un-clin-doeil-pas-tres-gentil-a-kais-saied","status":"publish","type":"post","link":"https:\/\/linitiative.ca\/International\/tunisie-ghannouchi-adresse-un-clin-doeil-pas-tres-gentil-a-kais-saied\/","title":{"rendered":"Tunisie \u2013 Ghannouchi adresse un clin d\u2019\u0153il (pas tr\u00e8s gentil) \u00e0 Ka\u00efs Sa\u00efed"},"content":{"rendered":"<div class=\"post-cont-in left relative\">\n<div id=\"post-info-wrap\" class=\"left relative post-info-out\">\n<div class=\"post-info-img left relative\"><img loading=\"lazy\" decoding=\"async\" alt=\"\" src=\"https:\/\/secure.gravatar.com\/avatar\/047123be9d5e8513774383916ee72db2?s=50&amp;d=mm&amp;r=g\" srcset=\"https:\/\/secure.gravatar.com\/avatar\/047123be9d5e8513774383916ee72db2?s=100&amp;d=mm&amp;r=g 2x\" class=\"avatar avatar-50 photo\" height=\"50\" width=\"50\"\/><\/div>\n<div class=\"post-info-in\">\n<div class=\"post-info-right left relative post-info-name left relative\"><span itemprop=\"author\" itemscope=\"\" itemtype=\"https:\/\/schema.org\/Person\"><span class=\"post-info-text\">Par<\/span> <span class=\"author-name vcard fn author\" itemprop=\"name\"><a href=\"https:\/\/www.tunisienumerique.com\/author\/lm\/\" title=\"Articles par LM\" rel=\"author\">LM<\/a><\/span><\/span> <span class=\"post-date updated\"><time class=\"post-date updated\" itemprop=\"datePublished\" datetime=\"2020-11-08\">\u00a0| Il y a 17 secondes<\/time><\/span><\/div>\n<div class=\"left relative\"><button id=\"listenButton1\" class=\"responsivevoice-button\" type=\"button\" value=\"Play\" title=\"&#xC9;coutez l'article\"><span>\ud83d\udd0a \u00c9coutez l&rsquo;article<\/span><\/button> <\/div>\n<\/div>\n<\/div>\n<p>A l\u2019occasion de sa sortie m\u00e9diatique, ce dimanche soir, dans une interview accord\u00e9e \u00e0 la chaine TV Al Watania, le pr\u00e9sident de l\u2019ARP et d\u2019Ennahdha, le cheikh Rached Ghannouchi, n\u2019a pas pu se retenir d\u2019adresser un clin d\u2019\u0153il, pas si innocent que \u00e7\u00e0, \u00e0 l\u2019intention du pr\u00e9sident de la R\u00e9publique, Ka\u00efs Sa\u00efed.<\/p>\n<div class=\"code-block code-block-1 c4\"><ins class=\"adsbygoogle c3\" data-ad-layout=\"in-article\" data-ad-format=\"fluid\" data-ad-client=\"ca-pub-2102118777505746\" data-ad-slot=\"7301775417\"\/> <\/div>\n<p>Gahnnouchi a, \u00e0 la faveur d\u2019un raisonnement sinueux, dont il a le secret, bifurqu\u00e9 sur la diplomatie tunisienne en la critiquant ouvertement, avec une allusion obligatoire \u00e0 son premier responsable qui est le pr\u00e9sident de la R\u00e9publique.<\/p>\n<p>Ghannouchi a critiqu\u00e9 la diplomatie tunisienne, qu\u2019il a qualifi\u00e9e de d\u00e9faillante du moment qu\u2019elle n\u2019a pas pu trouver des march\u00e9s pour \u00e9couler l\u2019huile d\u2019olive et les dattes tunisiennes.<\/p>\n<p>Il est, m\u00eame, all\u00e9 jusqu\u2019\u00e0 sugg\u00e9rer de demander des comptes \u00e0 tous les diplomates qui sont d\u00e9faillants et qui ne ram\u00e8nent pas de march\u00e9s pour les produits tunisiens.<\/p>\n<div class=\"swp_social_panel swp_horizontal_panel swp_flat_fresh swp_default_full_color swp_individual_full_color swp_other_full_color scale-100 scale-\" data-min-width=\"1100\" data-float-color=\"#ffffff\" data-float=\"bottom\" data-float-mobile=\"bottom\" data-transition=\"slide\">\n<div class=\"nc_tweetContainer swp_share_button total_shares total_sharesalt\"><span class=\"swp_count\">1 <span class=\"swp_label\">Partages<\/span><\/span><\/div>\n<\/div>\n<p><strong>Que se passe-t-il en Tunisie?<\/strong><br \/>Nous expliquons sur notre <a href=\"https:\/\/www.youtube.com\/channel\/UCRzypVq0B_yBad5eGrwBx0Q?sub_confirmation=1\" target=\"_blank\" rel=\"noopener noreferrer\">cha\u00eene YouTube<\/a> . <a href=\"https:\/\/www.youtube.com\/channel\/UCRzypVq0B_yBad5eGrwBx0Q?sub_confirmation=1\" target=\"_blank\" rel=\"noopener noreferrer\">Abonnez-vous!<\/a><\/p>\n<div class=\"mvp-org-wrap mvp-org-logo\" itemprop=\"publisher\" itemscope=\"\" itemtype=\"https:\/\/schema.org\/Organization\"><img decoding=\"async\" src=\"https:\/\/www.tunisienumerique.com\/wp-content\/uploads\/2017\/02\/logo_tunisie_numerique.png\"\/><\/div>\n<div class=\"mvp-related-posts left relative\">\n<h4 class=\"post-header\"><span class=\"post-header\">Lire aussi<\/span><\/h4>\n<\/div>\n<div id=\"article-ad\"><ins class=\"adsbygoogle c5\" data-ad-client=\"ca-pub-2102118777505746\" data-ad-slot=\"6513972734\" data-ad-format=\"auto\" data-full-width-responsive=\"true\"\/> <\/div>\n<\/div>\n<div id=\"post-sidebar-wrap\"><ins class=\"adsbygoogle c5\" data-ad-client=\"ca-pub-2102118777505746\" data-ad-slot=\"6168283410\" data-ad-format=\"auto\" data-full-width-responsive=\"true\"\/> <\/div>\n<p>Auteur: LM<br \/>\n<a href=\"https:\/\/www.tunisienumerique.com\/tunisie-ghannouchi-adresse-un-clin-doeil-pas-tres-gentil-a-kais-saied\/\">Cliquez ici pour lire l&rsquo;article depuis sa source.<\/a><\/p>\n","protected":false},"excerpt":{"rendered":"<p>Par LM \u00a0| Il y a 17 secondes \ud83d\udd0a \u00c9coutez l&rsquo;article A l\u2019occasion de sa sortie m\u00e9diatique, ce dimanche soir, dans une interview accord\u00e9e \u00e0 la chaine TV Al Watania, le pr\u00e9sident de l\u2019ARP et d\u2019Ennahdha, le cheikh Rached Ghannouchi, n\u2019a pas pu se retenir d\u2019adresser un clin d\u2019\u0153il, pas si innocent que \u00e7\u00e0, \u00e0 [&hellip;]<\/p>\n","protected":false},"author":1789,"featured_media":0,"comment_status":"closed","ping_status":"closed","sticky":false,"template":"","format":"standard","meta":{"fifu_image_url":"","fifu_image_alt":"","footnotes":""},"categories":[73,55],"tags":[],"class_list":["post-104123","post","type-post","status-publish","format-standard","hentry","category-actualite","category-tunisie"],"_links":{"self":[{"href":"https:\/\/linitiative.ca\/International\/wp-json\/wp\/v2\/posts\/104123","targetHints":{"allow":["GET"]}}],"collection":[{"href":"https:\/\/linitiative.ca\/International\/wp-json\/wp\/v2\/posts"}],"about":[{"href":"https:\/\/linitiative.ca\/International\/wp-json\/wp\/v2\/types\/post"}],"author":[{"embeddable":true,"href":"https:\/\/linitiative.ca\/International\/wp-json\/wp\/v2\/users\/1789"}],"replies":[{"embeddable":true,"href":"https:\/\/linitiative.ca\/International\/wp-json\/wp\/v2\/comments?post=104123"}],"version-history":[{"count":0,"href":"https:\/\/linitiative.ca\/International\/wp-json\/wp\/v2\/posts\/104123\/revisions"}],"wp:attachment":[{"href":"https:\/\/linitiative.ca\/International\/wp-json\/wp\/v2\/media?parent=104123"}],"wp:term":[{"taxonomy":"category","embeddable":true,"href":"https:\/\/linitiative.ca\/International\/wp-json\/wp\/v2\/categories?post=104123"},{"taxonomy":"post_tag","embeddable":true,"href":"https:\/\/linitiative.ca\/International\/wp-json\/wp\/v2\/tags?post=104123"}],"curies":[{"name":"wp","href":"https:\/\/api.w.org\/{rel}","templated":true}]}}