{"id":104128,"date":"2020-11-08T15:40:28","date_gmt":"2020-11-08T20:40:28","guid":{"rendered":"https:\/\/linitiative.ca\/International\/les-a-cotes\/"},"modified":"2020-11-08T15:40:28","modified_gmt":"2020-11-08T20:40:28","slug":"les-a-cotes","status":"publish","type":"post","link":"https:\/\/linitiative.ca\/International\/les-a-cotes\/","title":{"rendered":"Les \u00e0-c\u00f4t\u00e9s"},"content":{"rendered":"<p><strong>Quand Roch Kabor\u00e9 devient Roch \u00ab Compaor\u00e9 \u00bb<\/strong><br \/>Sa langue a fourch\u00e9 ! Cela arrive \u00e0 tout le monde. Mais pour ce militant du Mouvement du peuple pour le progr\u00e8s (MPP) de la province du Zoundw\u00e9ogo, c\u2019\u00e9tait au mauvais moment et au mauvais endroit. Pas si grave que cela, mais ce fut tout de m\u00eame un \u00ab long \u00bb moment de g\u00eane pour le quinquag\u00e9naire. Invit\u00e9 \u00e0 s\u2019exprimer au parloir, au nom de sa couche sociale, il avait pourtant bien d\u00e9but\u00e9 par un discours bruyamment applaudi \u00e0 chaque pause. En voulant cependant appeler l\u2019assistance \u00e0 voter pour son champion, il s\u2019est fourvoy\u00e9 dans sa nomination, provoquant une hilarit\u00e9 g\u00e9n\u00e9rale. \u00ab Pour le d\u00e9veloppement de notre province, nous devons voter Roch Compaor\u00e9 \u00bb, a-t-il cri\u00e9 au micro, en combinant ainsi le pr\u00e9nom de l\u2019actuel pr\u00e9sident du Faso au nom de l\u2019ancien.<\/p>\n<p><strong>Le militant inaudible mais compris<\/strong><br \/>Un militant du MPP Zoundw\u00e9ogo au lancement de la campagne provinciale de son parti s\u2019est fait remarquer lors de son allocution. Conviction, hargne, ferveur\u2026tout dans son discours laissait transpara\u00eetre sa d\u00e9termination pour la r\u00e9\u00e9lection de son candidat sauf que son \u00e9nergie d\u00e9bordait de trop. Ses paroles \u00e9taient presque ind\u00e9chiffrables tant ses cris au micro les avaient rendues inaudibles. Qu\u2019\u00e0 cela ne tienne, ce dernier a poursuivi son speech jusqu\u2019\u00e0 la fin malgr\u00e9 les interpellations qui lui \u00e9taient constamment faites \u00e0 l\u2019oreille. Son attitude n\u2019a pas sembl\u00e9 cependant d\u00e9plaire \u00e0 l\u2019assistance qui l\u2019accompagnait des salves d\u2019applaudissements et de cris \u00e0 chacune de ses pauses. Comme quoi, pour \u00eatre compris, ce n\u2019est pas seulement par les mots !<\/p>\n<p><strong>Au Zondoma, la campagne sort de sa timidit\u00e9<\/strong><br \/>A Gourcy, dans le Zondoma, la campagne pour l\u2019\u00e9lection pr\u00e9sidentielle et les l\u00e9gislatives du 22 novembre 2020 sort de la timidit\u00e9 observ\u00e9e depuis son ouverture. Dans la province, 27 partis politiques sont sur le d\u00e9part pour solliciter les voix des \u00e9lecteurs. Pour la mobilisation des militants et sympathisants, les partis politiques sont sur le terrain \u00e0 travers des meetings organis\u00e9s \u00e7\u00e0 et l\u00e0 dans les confins des villages pour la circonstance.<\/p>\n<p><strong>Fair-play parfait entre l\u2019ADF\/RDA et le MPPdans un village du Zondoma<\/strong><br \/>Le vendredi 6 novembre dernier, le Mouvement du peuple pour le progr\u00e8s (MPP) et l\u2019Alliance pour la d\u00e9mocratie et la f\u00e9d\u00e9ration\/Rassemblement d\u00e9mocratique africain (ADF\/RDA) se sont retrouv\u00e9s \u00e0 la m\u00eame heure \u00e0 la place du march\u00e9 de Bougnaam, village de la commune de Gourcy. Chacun des deux partis politiques avait un meeting programm\u00e9 en ces lieux avec ses militants. Que faire ? Face \u00e0 la situation, une entente parfaite a \u00e9t\u00e9 trouv\u00e9e entre les organisateurs. Ainsi, les meetings se sont d\u00e9roul\u00e9s l\u2019un apr\u00e8s l\u2019autre, avec pratiquement les m\u00eames populations. Comme quoi les mentalit\u00e9s changent dans la compr\u00e9hension du jeu politique par les diff\u00e9rents acteurs.<\/p>\n<p><strong>Difficile respect des mesures- barri\u00e8res<\/strong><br \/>La campagne pour les pr\u00e9sidentielle et l\u00e9gislatives bat son plein depuis le 31 octobre dernier. Chaque candidat y va de sa strat\u00e9gie pour conqu\u00e9rir l\u2019\u00e9lectorat. Si certains ont opt\u00e9 pour l\u2019organisation de meetings, d\u2019autres, par contre, ont choisi de mener une campagne de proximit\u00e9 dans les march\u00e9s et autres lieux publics. Malheureusement, force est de constater que certaines activit\u00e9s sont men\u00e9es dans un non-respect total des mesures- barri\u00e8res \u00e9dict\u00e9es dans la lutte contre la pand\u00e9mie de coronavirus. En effet, il n\u2019est pas rare de voir des candidats se promener dans les march\u00e9s sans porter de cache-nez. Lors des meetings \u00e9galement, la distanciation sociale d\u2019un m\u00e8tre n\u2019est tr\u00e8s souvent pas respect\u00e9e. Pire, certains candidats n\u2019h\u00e9sitent pas \u00e0 serrer la main de leurs militants. Pourtant, tous se sont engag\u00e9s dans le pacte de bonne conduite \u00e9dict\u00e9 par le Conseil sup\u00e9rieur de la communication (CSC) \u00e0 respecter les mesures-barri\u00e8res. Il est donc important pour les diff\u00e9rents partis de tenir compte de cet engagement lors des prochaines activit\u00e9s qu\u2019ils vont mener.<\/p>\n<p><strong>La campagne du ventre toujours d\u2019actualit\u00e9 ?<\/strong><br \/>S\u2019\u00e9tant rendue dans un march\u00e9 de la ville de Ouagadougou pour convaincre les \u00e9lecteurs, la candidate \u00e0 l\u2019\u00e9lection pr\u00e9sidentielle du 22 novembre prochain a \u00e9t\u00e9 ahurie par le comportement de certain (e)s commer\u00e7ant (e)s qui ont estim\u00e9 qu\u2019elle ne peut pas venir \u00e0 leur rencontre les mains vides. \u00abNous avons faim. Et vous venez nous convaincre de vous voter les mains vides. Si vous aviez envoy\u00e9 des sacs de riz, cela aurait pu nous convaincre. Est-ce qu\u2019avec le ventre vide on peut aller voter ?\u00bb, lui a lanc\u00e9 une commer\u00e7ante. Visiblement remont\u00e9e par cette mani\u00e8re de penser qui rel\u00e8ve, \u00e0 son avis, d\u2019une autre \u00e9poque, la candidate a n\u00e9anmoins pris de son temps pour expliquer \u00e0 cette derni\u00e8re qu\u2019on ne vote pas un candidat sur la base de sa fortune ou de l\u2019argent qu\u2019il a \u00e0 offrir, mais sur la base de son projet de soci\u00e9t\u00e9.<\/p>\n<p>La R\u00e9daction<\/p>\n<div class=\"td-a-rec td-a-rec-id-content_bottom tdi_30_f03 td_block_template_1\"><img loading=\"lazy\" decoding=\"async\" class=\"aligncenter size-full wp-image-27454\" src=\"https:\/\/www.sidwaya.info\/wp-content\/uploads\/2020\/10\/PUB-Bandeau-paiement-mobile-siteweb.jpg\" alt=\"\" width=\"728\" height=\"90\"\/><\/div>\n<p>Auteur: BM. Sidwaya<br \/>\n<a href=\"https:\/\/www.sidwaya.info\/blog\/2020\/11\/08\/les-a-cotes\/\">Cliquez ici pour lire l&rsquo;article depuis sa source.<\/a><\/p>\n","protected":false},"excerpt":{"rendered":"<p>Quand Roch Kabor\u00e9 devient Roch \u00ab Compaor\u00e9 \u00bbSa langue a fourch\u00e9 ! Cela arrive \u00e0 tout le monde. Mais pour ce militant du Mouvement du peuple pour le progr\u00e8s (MPP) de la province du Zoundw\u00e9ogo, c\u2019\u00e9tait au mauvais moment et au mauvais endroit. Pas si grave que cela, mais ce fut tout de m\u00eame un [&hellip;]<\/p>\n","protected":false},"author":1816,"featured_media":104129,"comment_status":"closed","ping_status":"closed","sticky":false,"template":"","format":"standard","meta":{"fifu_image_url":"","fifu_image_alt":"","footnotes":""},"categories":[73,81],"tags":[],"class_list":["post-104128","post","type-post","status-publish","format-standard","has-post-thumbnail","hentry","category-actualite","category-burkina-faso"],"_links":{"self":[{"href":"https:\/\/linitiative.ca\/International\/wp-json\/wp\/v2\/posts\/104128","targetHints":{"allow":["GET"]}}],"collection":[{"href":"https:\/\/linitiative.ca\/International\/wp-json\/wp\/v2\/posts"}],"about":[{"href":"https:\/\/linitiative.ca\/International\/wp-json\/wp\/v2\/types\/post"}],"author":[{"embeddable":true,"href":"https:\/\/linitiative.ca\/International\/wp-json\/wp\/v2\/users\/1816"}],"replies":[{"embeddable":true,"href":"https:\/\/linitiative.ca\/International\/wp-json\/wp\/v2\/comments?post=104128"}],"version-history":[{"count":0,"href":"https:\/\/linitiative.ca\/International\/wp-json\/wp\/v2\/posts\/104128\/revisions"}],"wp:featuredmedia":[{"embeddable":true,"href":"https:\/\/linitiative.ca\/International\/wp-json\/"}],"wp:attachment":[{"href":"https:\/\/linitiative.ca\/International\/wp-json\/wp\/v2\/media?parent=104128"}],"wp:term":[{"taxonomy":"category","embeddable":true,"href":"https:\/\/linitiative.ca\/International\/wp-json\/wp\/v2\/categories?post=104128"},{"taxonomy":"post_tag","embeddable":true,"href":"https:\/\/linitiative.ca\/International\/wp-json\/wp\/v2\/tags?post=104128"}],"curies":[{"name":"wp","href":"https:\/\/api.w.org\/{rel}","templated":true}]}}