{"id":104135,"date":"2020-11-08T15:55:24","date_gmt":"2020-11-08T20:55:24","guid":{"rendered":"https:\/\/linitiative.ca\/International\/japporterai-de-la-serenite-aux-fds-claude-tassembedo\/"},"modified":"2020-11-08T15:55:24","modified_gmt":"2020-11-08T20:55:24","slug":"japporterai-de-la-serenite-aux-fds-claude-tassembedo","status":"publish","type":"post","link":"https:\/\/linitiative.ca\/International\/japporterai-de-la-serenite-aux-fds-claude-tassembedo\/","title":{"rendered":"\u00ab J\u2019apporterai de la s\u00e9r\u00e9nit\u00e9 aux FDS \u00bb, Claude Tassembedo"},"content":{"rendered":"<div class=\"td-post-featured-image\"><a href=\"https:\/\/www.sidwaya.info\/wp-content\/uploads\/2020\/11\/Temsenbedo09.jpg\" data-caption=\"\"><img loading=\"lazy\" decoding=\"async\" width=\"696\" height=\"348\" class=\"entry-thumb td-modal-image\" src=\"https:\/\/www.sidwaya.info\/wp-content\/uploads\/2020\/11\/Temsenbedo09-696x348.jpg\" srcset=\"https:\/\/www.sidwaya.info\/wp-content\/uploads\/2020\/11\/Temsenbedo09-696x348.jpg 696w, https:\/\/www.sidwaya.info\/wp-content\/uploads\/2020\/11\/Temsenbedo09-300x150.jpg 300w, https:\/\/www.sidwaya.info\/wp-content\/uploads\/2020\/11\/Temsenbedo09-768x384.jpg 768w, https:\/\/www.sidwaya.info\/wp-content\/uploads\/2020\/11\/Temsenbedo09.jpg 787w\" sizes=\"auto, (max-width: 696px) 100vw, 696px\" alt=\"\" title=\"Temsenbedo09\"\/><\/a><\/div>\n<p><strong>Le seul candidat ind\u00e9pendant \u00e0 l\u2019\u00e9lection pr\u00e9sidentielle, Claude Aim\u00e9 Tassembedo, est all\u00e9 \u00e0 la conqu\u00eate de l\u2019\u00e9lectorat de Kaya, le dimanche 8 novembre 2020.<\/strong><\/p>\n<p>Le pr\u00e9tendant au palais de Kosyam, Claude Tassembedo, a mis\u00e9 sur une campagne de \u00ab proximit\u00e9 \u00bb, afin de conqu\u00e9rir l\u2019\u00e9lectorat dans la \u2018\u2019cit\u00e9 des cuirs et peaux\u2019\u2019. Il a d\u00e9but\u00e9 sa campagne dans la cour royale du Sanmatenga. Apr\u00e8s les salutations d\u2019usage et une remise d\u2019un lot de t-shirts portant son effigie et de flyers, il a expliqu\u00e9 que sa visite de courtoisie a pour objectif de recueillir la b\u00e9n\u00e9diction du chef de canton du Sanmatenga, le Naaba Koom. \u00ab Je suis venu solliciter votre permission et soutien, afin d\u2019expliquer ma vision aux populations de votre canton. Je demande aussi des conseils pour une victoire, le soir du 22 novembre prochain \u00bb. Apr\u00e8s avoir salu\u00e9 la d\u00e9marche adopt\u00e9e par l\u2019h\u00f4te, Naaba Koom l\u2019a rassur\u00e9 de sa disponibilit\u00e9 \u00e0 l\u2019accompagner. \u00ab Vous avez bien choisi la porte d\u2019entr\u00e9e \u00bb, a-t-il indiqu\u00e9. Le chef de canton du Sanmatenga l\u2019a exhort\u00e9 a accept\u00e9 le verdict des urnes, le soir du 22 novembre. M.Tassembedo et sa d\u00e9l\u00e9gation se sont ensuite d\u00e9port\u00e9s \u00e0 la grande mosqu\u00e9e de Kaya pour avoir \u00ab\u00a0la b\u00e9n\u00e9diction des autorit\u00e9s religieuses\u00a0\u00bb. Claude Aim\u00e9 Tassembedo, qui a eu droit \u00e0 une pri\u00e8re collective, dirig\u00e9e par le repr\u00e9sentant des musulmans, Ou\u00e9sseni Ou\u00e9draogo, a aussi distribu\u00e9 des t-shirts et flyers de sa photo. Il s\u2019est ensuite rendu sous le hall des artisans du grand march\u00e9 de Kaya o\u00f9 ses militants et sympathisants se sont retir\u00e9s dans le but de pr\u00e9senter leur candidat aux commer\u00e7ants. Dans les \u00e9changes, les artisans ont demand\u00e9 au candidat, une fois \u00e0 Kosyam, d\u2019\u0153uvrer pour l\u2019\u00e9coulement de leurs produits artisanaux \u00e0 l\u2019\u00e9chelle internationale et la s\u00e9curisation du Centre-Nord. Des pr\u00e9occupations pour lesquelles le candidat ind\u00e9pendant dit avoir des solutions, pourvu qu\u2019il soit \u00e9lu Chef de l\u2019Etat. La derni\u00e8re \u00e9tape a \u00e9t\u00e9 celle du quartier Gaoua (Kaya), situ\u00e9 au c\u00f4t\u00e9 Nord-ouest de la ville de Kaya, sur l\u2019axe Kaya-Kongoussi. A cette \u00e9tape, les discussions ont port\u00e9 sur le programme de soci\u00e9t\u00e9 du candidat Tassambedo. Selon Ars\u00e8ne Nan\u00e9ma, membre du staff de campagne de Claude Aim\u00e9 Tassembedo, il s\u2019agit d\u2019un plein emploi pour les jeunes, de l\u2019autonomisation financi\u00e8re des femmes et de l\u2019accompagnement des personnes du troisi\u00e8me \u00e2ge. Dans son intervention, le repr\u00e9sentant des habitants de Gaoua (Kaya), Jean Baptiste Sawadogo, a souhait\u00e9 la bienvenue au candidat \u00e0 la pr\u00e9sidentielle, avant de le rassurer de leurs voix, le soir<br \/>du 22 novembre prochain. \u00abAujourd\u2019hui, nous voulons la paix, la prosp\u00e9rit\u00e9 et le bien-\u00eatre des populations. Nous d\u00e9sirons un candidat qui va faire d\u00e9velopper le Burkina Faso \u00bb, a-t-il insist\u00e9.<\/p>\n<p>Emil Abdoul Razak SEGDA<br \/>Segda9emil@gmail.com<\/p>\n<p>\u2026\u2026\u2026\u2026\u2026\u2026\u2026\u2026\u2026\u2026\u2026\u2026\u2026\u2026\u2026\u2026\u2026\u2026\u2026\u2026\u2026\u2026\u2026\u2026\u2026\u2026\u2026\u2026\u2026\u2026\u2026\u2026\u2026\u2026\u2026\u2026\u2026\u2026\u2026\u2026\u2026\u2026.<\/p>\n<p>Claude Tassembedo : \u00ab J\u2019apporterai de la s\u00e9r\u00e9nit\u00e9 dans le travail des FDS \u00bb.<\/p>\n<p>\u00abJe suis venu dire aux populations de Kaya de porter leur choix sur un candidat qui peut leur apporter la paix au quotidien. Mon programme de soci\u00e9t\u00e9 est une r\u00e9volution politique pour changer \u00abradicalement\u00bb les pratiques, en apportant des solutions aux probl\u00e8mes vitaux des Burkinab\u00e8. Pour la r\u00e9gion du Centre-Nord, je promets une s\u00e9curisation rapide, afin que les Personnes d\u00e9plac\u00e9es internes (PDI) regagnent leurs villages d\u2019origine. La pr\u00e9occupation des gens de Kaya, c\u2019est la s\u00e9curit\u00e9, parce qu\u2019ils sont \u00e0 l\u2019\u00e9picentre du terrorisme. Et, j\u2019ai une capacit\u00e9 d\u2019analyse plus pouss\u00e9e sur les questions de s\u00e9curit\u00e9 que les autres candidats \u00e0 la pr\u00e9sidentielle. Je trouverai des solutions concr\u00e8tes contre le terrorisme, \u00e0 travers un syst\u00e8me de renseignement des Forces de d\u00e9fense et de s\u00e9curit\u00e9 (FDS) pour apporter la s\u00e9r\u00e9nit\u00e9 dans leur travail. Les FDS ont \u00e9t\u00e9 perturb\u00e9es. Et, il leur faut une solution radicale contre l\u2019hydre terroriste\u00bb.<br \/>\u2013 Propos recueillis par E.A.R.S<\/p>\n<div class=\"td-a-rec td-a-rec-id-content_bottom tdi_30_a58 td_block_template_1\"><img loading=\"lazy\" decoding=\"async\" class=\"aligncenter size-full wp-image-27454\" src=\"https:\/\/www.sidwaya.info\/wp-content\/uploads\/2020\/10\/PUB-Bandeau-paiement-mobile-siteweb.jpg\" alt=\"\" width=\"728\" height=\"90\"\/><\/div>\n<p>Auteur: BM. Sidwaya<br \/>\n<a href=\"https:\/\/www.sidwaya.info\/blog\/2020\/11\/08\/japporterai-de-la-serenite-aux-fds-claude-tassembedo\/\">Cliquez ici pour lire l&rsquo;article depuis sa source.<\/a><\/p>\n","protected":false},"excerpt":{"rendered":"<p>Le seul candidat ind\u00e9pendant \u00e0 l\u2019\u00e9lection pr\u00e9sidentielle, Claude Aim\u00e9 Tassembedo, est all\u00e9 \u00e0 la conqu\u00eate de l\u2019\u00e9lectorat de Kaya, le dimanche 8 novembre 2020. Le pr\u00e9tendant au palais de Kosyam, Claude Tassembedo, a mis\u00e9 sur une campagne de \u00ab proximit\u00e9 \u00bb, afin de conqu\u00e9rir l\u2019\u00e9lectorat dans la \u2018\u2019cit\u00e9 des cuirs et peaux\u2019\u2019. Il a d\u00e9but\u00e9 [&hellip;]<\/p>\n","protected":false},"author":1816,"featured_media":104136,"comment_status":"closed","ping_status":"closed","sticky":false,"template":"","format":"standard","meta":{"fifu_image_url":"","fifu_image_alt":"","footnotes":""},"categories":[73,81],"tags":[],"class_list":["post-104135","post","type-post","status-publish","format-standard","has-post-thumbnail","hentry","category-actualite","category-burkina-faso"],"_links":{"self":[{"href":"https:\/\/linitiative.ca\/International\/wp-json\/wp\/v2\/posts\/104135","targetHints":{"allow":["GET"]}}],"collection":[{"href":"https:\/\/linitiative.ca\/International\/wp-json\/wp\/v2\/posts"}],"about":[{"href":"https:\/\/linitiative.ca\/International\/wp-json\/wp\/v2\/types\/post"}],"author":[{"embeddable":true,"href":"https:\/\/linitiative.ca\/International\/wp-json\/wp\/v2\/users\/1816"}],"replies":[{"embeddable":true,"href":"https:\/\/linitiative.ca\/International\/wp-json\/wp\/v2\/comments?post=104135"}],"version-history":[{"count":0,"href":"https:\/\/linitiative.ca\/International\/wp-json\/wp\/v2\/posts\/104135\/revisions"}],"wp:featuredmedia":[{"embeddable":true,"href":"https:\/\/linitiative.ca\/International\/wp-json\/"}],"wp:attachment":[{"href":"https:\/\/linitiative.ca\/International\/wp-json\/wp\/v2\/media?parent=104135"}],"wp:term":[{"taxonomy":"category","embeddable":true,"href":"https:\/\/linitiative.ca\/International\/wp-json\/wp\/v2\/categories?post=104135"},{"taxonomy":"post_tag","embeddable":true,"href":"https:\/\/linitiative.ca\/International\/wp-json\/wp\/v2\/tags?post=104135"}],"curies":[{"name":"wp","href":"https:\/\/api.w.org\/{rel}","templated":true}]}}