{"id":104138,"date":"2020-11-08T08:18:02","date_gmt":"2020-11-08T13:18:02","guid":{"rendered":"https:\/\/linitiative.ca\/International\/roi-mohammed-vi-le-maroc-poursuivra-le-dialogue-engage-avec-lespagne-au-sujet-des-zones-de-chevauchement-des-eaux-territoriales\/"},"modified":"2020-11-08T08:18:02","modified_gmt":"2020-11-08T13:18:02","slug":"roi-mohammed-vi-le-maroc-poursuivra-le-dialogue-engage-avec-lespagne-au-sujet-des-zones-de-chevauchement-des-eaux-territoriales","status":"publish","type":"post","link":"https:\/\/linitiative.ca\/International\/roi-mohammed-vi-le-maroc-poursuivra-le-dialogue-engage-avec-lespagne-au-sujet-des-zones-de-chevauchement-des-eaux-territoriales\/","title":{"rendered":"Roi Mohammed VI : Le Maroc poursuivra le dialogue engag\u00e9 avec l\u2019Espagne au sujet des zones de chevauchement des eaux territoriales"},"content":{"rendered":"<div readability=\"32\">\n<p>Publi\u00e9 le 08.11.2020 \u00e0 14h18 par APA News<\/p>\n<\/div>\n<div readability=\"90\">\n<p>Le Maroc poursuivra, avec constance, le dialogue engag\u00e9 avec notre voisin, l\u2019Espagne, au sujet des zones de chevauchement des eaux territoriales des deux pays, a affirme le Roi Mohammed VI dans son disc ours prononc\u00e9, samedi, \u00e0 l\u2019occasion du 45\u00e8me\u00a0anniversaire de la marche verte.Ce dialogue s\u2019inscrira dans le cadre du droit de la mer et respectera le partenariat qui les unit, loin de toute volont\u00e9 unilat\u00e9rale d\u2019imposer le fait accompli, a-t-il soulign\u00e9.<\/p>\n<p>\u00ab De fait, en d\u00e9finissant clairement le cadre et les fronti\u00e8res des espaces maritimes plac\u00e9s sous la souverainet\u00e9 du Royaume, le plan mis en \u0153uvre pour impulser l\u2019essor socio-\u00e9conomique de la r\u00e9gion sera indubitablement consolid\u00e9 \u00bb, a indiqu\u00e9 le Souverain marocain.<\/p>\n<p>Partant de cette vision, la fa\u00e7ade atlantique Sud du Royaume, situ\u00e9e face au Sahara marocain, constituera une interface maritime d\u2019int\u00e9gration \u00e9conomique et un foyer de rayonnement continental et international, a-t-il pr\u00e9cis\u00e9.<\/p>\n<p>De fait, d\u2019ores et d\u00e9j\u00e0 Tanger-Med est reconnu comme le premier port en Afrique, le port Dakhla Atlantique contribuera \u00e0 consacrer cette tendance, a annonc\u00e9 le Roi Mohammed VI<\/p>\n<p>\u00ab Nous continuerons \u00e0 \u0153uvrer pour le d\u00e9veloppement d\u2019une v\u00e9ritable \u00e9conomie maritime dans ces territoires (\u2026). Cette zone qui abonde en ressources et en potentialit\u00e9s, sur terre comme en mer, servira ainsi de passerelle et de trait d\u2019union entre le Maroc et sa profondeur africaine \u00bb, a-t-il ajout\u00e9.<\/p>\n<p>Le Souverain marocain a jug\u00e9 n\u00e9cessaire d\u2019investir dans les espaces maritimes, tant pour le dessalement de l\u2019eau de mer que pour l\u2019exploitation des \u00e9nergies renouvelables d\u2019origine \u00e9olienne ou hydrolienne.<\/p>\n<p>En parall\u00e8le, il faut continuer \u00e0 promouvoir le secteur de la p\u00eache maritime, compte tenu de son r\u00f4le dans le d\u00e9veloppement de l\u2019\u00e9conomie de la r\u00e9gion, a-t-il enchain\u00e9.<\/p>\n<p>Par ailleurs, pour que le plan Azur devienne un levier strat\u00e9gique au service de la relance du secteur touristique dans la r\u00e9gion et pour que celle-ci s\u2019affirme comme une v\u00e9ritable destination du tourisme baln\u00e9aire, il importe de lui insuffler une nouvelle dynamique.<\/p>\n<\/div>\n<p>Auteur: APA News<br \/>\n<a href=\"https:\/\/www.journalducameroun.com\/roi-mohammed-vi-le-maroc-poursuivra-le-dialogue-engage-avec-lespagne-au-sujet-des-zones-de-chevauchement-des-eaux-territoriales\/\">Cliquez ici pour lire l&rsquo;article depuis sa source.<\/a><\/p>\n","protected":false},"excerpt":{"rendered":"<p>Publi\u00e9 le 08.11.2020 \u00e0 14h18 par APA News Le Maroc poursuivra, avec constance, le dialogue engag\u00e9 avec notre voisin, l\u2019Espagne, au sujet des zones de chevauchement des eaux territoriales des deux pays, a affirme le Roi Mohammed VI dans son disc ours prononc\u00e9, samedi, \u00e0 l\u2019occasion du 45\u00e8me\u00a0anniversaire de la marche verte.Ce dialogue s\u2019inscrira dans [&hellip;]<\/p>\n","protected":false},"author":1965,"featured_media":0,"comment_status":"closed","ping_status":"closed","sticky":false,"template":"","format":"standard","meta":{"fifu_image_url":"","fifu_image_alt":"","footnotes":""},"categories":[73,82],"tags":[],"class_list":["post-104138","post","type-post","status-publish","format-standard","hentry","category-actualite","category-cameroun"],"_links":{"self":[{"href":"https:\/\/linitiative.ca\/International\/wp-json\/wp\/v2\/posts\/104138","targetHints":{"allow":["GET"]}}],"collection":[{"href":"https:\/\/linitiative.ca\/International\/wp-json\/wp\/v2\/posts"}],"about":[{"href":"https:\/\/linitiative.ca\/International\/wp-json\/wp\/v2\/types\/post"}],"author":[{"embeddable":true,"href":"https:\/\/linitiative.ca\/International\/wp-json\/wp\/v2\/users\/1965"}],"replies":[{"embeddable":true,"href":"https:\/\/linitiative.ca\/International\/wp-json\/wp\/v2\/comments?post=104138"}],"version-history":[{"count":0,"href":"https:\/\/linitiative.ca\/International\/wp-json\/wp\/v2\/posts\/104138\/revisions"}],"wp:attachment":[{"href":"https:\/\/linitiative.ca\/International\/wp-json\/wp\/v2\/media?parent=104138"}],"wp:term":[{"taxonomy":"category","embeddable":true,"href":"https:\/\/linitiative.ca\/International\/wp-json\/wp\/v2\/categories?post=104138"},{"taxonomy":"post_tag","embeddable":true,"href":"https:\/\/linitiative.ca\/International\/wp-json\/wp\/v2\/tags?post=104138"}],"curies":[{"name":"wp","href":"https:\/\/api.w.org\/{rel}","templated":true}]}}