{"id":104139,"date":"2020-11-08T17:18:03","date_gmt":"2020-11-08T22:18:03","guid":{"rendered":"https:\/\/linitiative.ca\/International\/la-police-ivoirienne-dement-une-fole-rumeur-sur-le-deces-de-pascal-affi-nguessan\/"},"modified":"2020-11-08T17:18:03","modified_gmt":"2020-11-08T22:18:03","slug":"la-police-ivoirienne-dement-une-fole-rumeur-sur-le-deces-de-pascal-affi-nguessan","status":"publish","type":"post","link":"https:\/\/linitiative.ca\/International\/la-police-ivoirienne-dement-une-fole-rumeur-sur-le-deces-de-pascal-affi-nguessan\/","title":{"rendered":"La police ivoirienne d\u00e9ment une fole rumeur sur le d\u00e9c\u00e8s de Pascal Affi  N\u2019guessan"},"content":{"rendered":"<div readability=\"32\">\n<p>Publi\u00e9 le 08.11.2020 \u00e0 23h18 par APA News<\/p>\n<\/div>\n<div readability=\"98\">\n<p>La police ivoirienne a d\u00e9menti ce week-end une fole rumeur sur les r\u00e9seaux sociaux, faisant \u00e9tat du d\u00e9c\u00e8s de l\u2019opposant Affi Nguessan, suite \u00e0 une \u00e9lectrocution apr\u00e8s son interpellation dans le cadre d\u2019une enqu\u00eate pour complot et attentat contre l\u2019autorit\u00e9 de l\u2019Etat, dans un communiqu\u00e9.Dans ce communiqu\u00e9, la police ivoirienne d\u00e9nonce cette \u00ab\u00a0rumeur diffus\u00e9e et entretenue sur les r\u00e9seaux sociaux, (qui) fait \u00e9tat de ce que l\u2019ancien Premier ministre Pascal Affi N\u2019guessan \u00a0aurait subi des tortures et serait d\u00e9c\u00e9d\u00e9\u00a0\u00bb.\u00a0<\/p>\n<p>\u00ab\u00a0La police Nationale \u00a0tient \u00e0 informer l\u2019opinion nationale et internationale \u00a0que monsieur Pascal Affi \u00a0N\u2019guessan interpell\u00e9 dans la nuit du 06 au 07 novembre 2020 dans le cadre d\u2019une enqu\u00eate pour complot et attentat contre l\u2019autorit\u00e9 de l\u2019Etat, se porte bien et n\u2019a fait l\u2019objet d\u2019aucun acte de tortures\u00a0\u00bb, souligne le texte. \u00a0<\/p>\n<p>Dans une vid\u00e9o pr\u00e9sentant M. Affi, assis dans un fauteuil gris, v\u00eatu d\u2019un t-shirt noir et un pantalon noir, un agent des forces de l\u2019ordre l\u2019interroge de savoir s\u2019il est d\u00e9c\u00e9d\u00e9. Il r\u00e9pond \u00ab\u00a0non, c\u2019est faux, je suis en bonne sant\u00e9, c\u2019est de l\u2019intoxication\u00a0\u00bb.<\/p>\n<p>Souriant, M. Affi d\u00e9clare \u00ab\u00a0je me porte bien, je ne suis pas d\u00e9c\u00e9d\u00e9. Aujourd\u2019hui, nous sommes le dimanche 8 novembre 2020, je ne suis pas d\u00e9c\u00e9d\u00e9, je me porte bien\u00a0\u00bb.<\/p>\n<p>Il affirme n\u2019avoir pas \u00e9t\u00e9 tortur\u00e9, \u00ab\u00a0pas du tout\u00a0\u00bb, mais avoir \u00e9t\u00e9 \u00ab\u00a0bien re\u00e7u\u00a0\u00bb. Suite \u00e0 une demande de son interlocuteur de d\u00e9cliner le mets en face de lui, pos\u00e9 sur un gu\u00e9ridon, l\u2019opposant ivoirien dit manger des frites, et la veille, avoir pris du petit pois avec du poulet.\u00a0<\/p>\n<p>M. Affi Nguessan a par ailleurs rassur\u00e9 son \u00e9pouse et ses enfants sur son \u00e9tat, disant se porter bien et a le moral.\u00a0<\/p>\n<p>La police a pr\u00e9venu dans ce communiqu\u00e9 que \u00ab\u00a0les auteurs de ces fausses informations qui n\u2019ont dautres objectifs que de semer l\u2019\u00e9moi au sein de la population sont passibles de poursuites judiciaires\u00a0\u00bb.<\/p>\n<p>M. Affi, pr\u00e9sident du Front populaire ivoirien (FPI) et candidat \u00e0 l\u2019\u00e9lection pr\u00e9sidentielle du 31 octobre 2020, a \u00e9t\u00e9 interpell\u00e9 apr\u00e8s l\u2019annonce par les leaders de l\u2019opposition de la mise en place d\u2019un Conseil national de transition, un organe sens\u00e9 se substituer aux institutions de la R\u00e9publique.\u00a0<\/p>\n<p>Le Conseil national de transition cr\u00e9e par l\u2019opposition, \u00a0qui ne reconna\u00eet pas le scrutin pr\u00e9sidentiel du 31 octobre 200, est pr\u00e9sid\u00e9 par l\u2019ancien pr\u00e9sident Henri Konan B\u00e9di\u00e9. Il devrait mettre en place un gouvernement de transition.<\/p>\n<\/div>\n<p>Auteur: APA News<br \/>\n<a href=\"https:\/\/www.journalducameroun.com\/la-police-ivoirienne-dement-une-fole-rumeur-sur-le-deces-de-pascal-affi-nguessan\/\">Cliquez ici pour lire l&rsquo;article depuis sa source.<\/a><\/p>\n","protected":false},"excerpt":{"rendered":"<p>Publi\u00e9 le 08.11.2020 \u00e0 23h18 par APA News La police ivoirienne a d\u00e9menti ce week-end une fole rumeur sur les r\u00e9seaux sociaux, faisant \u00e9tat du d\u00e9c\u00e8s de l\u2019opposant Affi Nguessan, suite \u00e0 une \u00e9lectrocution apr\u00e8s son interpellation dans le cadre d\u2019une enqu\u00eate pour complot et attentat contre l\u2019autorit\u00e9 de l\u2019Etat, dans un communiqu\u00e9.Dans ce communiqu\u00e9, [&hellip;]<\/p>\n","protected":false},"author":1965,"featured_media":0,"comment_status":"closed","ping_status":"closed","sticky":false,"template":"","format":"standard","meta":{"fifu_image_url":"","fifu_image_alt":"","footnotes":""},"categories":[73,82],"tags":[],"class_list":["post-104139","post","type-post","status-publish","format-standard","hentry","category-actualite","category-cameroun"],"_links":{"self":[{"href":"https:\/\/linitiative.ca\/International\/wp-json\/wp\/v2\/posts\/104139","targetHints":{"allow":["GET"]}}],"collection":[{"href":"https:\/\/linitiative.ca\/International\/wp-json\/wp\/v2\/posts"}],"about":[{"href":"https:\/\/linitiative.ca\/International\/wp-json\/wp\/v2\/types\/post"}],"author":[{"embeddable":true,"href":"https:\/\/linitiative.ca\/International\/wp-json\/wp\/v2\/users\/1965"}],"replies":[{"embeddable":true,"href":"https:\/\/linitiative.ca\/International\/wp-json\/wp\/v2\/comments?post=104139"}],"version-history":[{"count":0,"href":"https:\/\/linitiative.ca\/International\/wp-json\/wp\/v2\/posts\/104139\/revisions"}],"wp:attachment":[{"href":"https:\/\/linitiative.ca\/International\/wp-json\/wp\/v2\/media?parent=104139"}],"wp:term":[{"taxonomy":"category","embeddable":true,"href":"https:\/\/linitiative.ca\/International\/wp-json\/wp\/v2\/categories?post=104139"},{"taxonomy":"post_tag","embeddable":true,"href":"https:\/\/linitiative.ca\/International\/wp-json\/wp\/v2\/tags?post=104139"}],"curies":[{"name":"wp","href":"https:\/\/api.w.org\/{rel}","templated":true}]}}