{"id":104140,"date":"2020-11-08T18:03:34","date_gmt":"2020-11-08T23:03:34","guid":{"rendered":"https:\/\/linitiative.ca\/International\/al-sissi-et-le-drian-examinent-les-moyens-de-faire-face-a-lescalade-de-lextremisme\/"},"modified":"2020-11-08T18:03:34","modified_gmt":"2020-11-08T23:03:34","slug":"al-sissi-et-le-drian-examinent-les-moyens-de-faire-face-a-lescalade-de-lextremisme","status":"publish","type":"post","link":"https:\/\/linitiative.ca\/International\/al-sissi-et-le-drian-examinent-les-moyens-de-faire-face-a-lescalade-de-lextremisme\/","title":{"rendered":"Al-Sissi et le Drian examinent les moyens de faire face \u00e0 l\u2019escalade de l\u2019extr\u00e9misme"},"content":{"rendered":"<div readability=\"32\">\n<p>Publi\u00e9 le 09.11.2020 \u00e0 00h18 par APA News<\/p>\n<\/div>\n<div readability=\"67\">\n<p>Par Mohamed Fayed \u2014 Le pr\u00e9sident \u00e9gyptien, Abdelfattah Al-Sissi et le ministre fran\u00e7ais des Affaires \u00e9trang\u00e8res, Jean Yves Le Drian ont examin\u00e9, dimanche au Caire, les moyens de de faire face \u00e0 l\u2019escalade de l\u2019extr\u00e9misme et de la haine \u00e0 la lumi\u00e8re des r\u00e9centes tensions entre le monde islamique et l\u2019Europe.Lors de cette rencontre, le chef de la diplomatie fran\u00e7aise a mis l\u2019accent sur le respect et l\u2019appr\u00e9ciation de la France pour toutes les religions, leurs principes et valeurs, et son aspiration \u00e0 renforcer la coop\u00e9ration et la concertation avec l\u2019\u00c9gypte pour lutter contre le ph\u00e9nom\u00e8ne d\u2019intol\u00e9rance et d\u2019id\u00e9ologie extr\u00e9miste qui se propage de plus en plus.<\/p>\n<p>De son c\u00f4t\u00e9, le pr\u00e9sident Al-Sissi a soulign\u00e9 la n\u00e9cessit\u00e9 urgente de d\u00e9ployer des efforts concert\u00e9s pour d\u00e9fendre les valeurs de coexistence et de tol\u00e9rance entre toutes les religions, et pour \u00e9tendre les ponts de compr\u00e9hension et de fraternit\u00e9, et de ne pas porter pr\u00e9judice aux symboles religieux, exprimant son rejet total aux actes terroristes sous toutes leurs formes, indique le porte-parole de la pr\u00e9sidence \u00e9gyptienne.<\/p>\n<p>Il a rappel\u00e9 l\u2019exp\u00e9rience \u00e9gyptienne dans la consolidation des principes de tol\u00e9rance et de rejet de la violence, de l\u2019id\u00e9ologie extr\u00e9miste et du terrorisme, soulignant que son pays est pr\u00eat \u00e0 coop\u00e9rer et \u00e0 soutenir les efforts internationaux pour promouvoir ces concepts.<\/p>\n<p>Les deux parties ont \u00e9galement \u00e9voqu\u00e9 les derniers d\u00e9veloppements de la question libyenne. Sur ce registre, le pr\u00e9sident Al-Sissi a pass\u00e9 en revue la position de l\u2019\u00c9gypte vis-\u00e0-vis de la Libye, en particulier en ce qui concerne le soutien aux pourparlers en cours dans tous les domaines sur la base des conclusions de la conf\u00e9rence de Berlin et de la d\u00e9claration du Caire, ainsi que la n\u00e9cessit\u00e9 de maintenir le cessez-le-feu d\u00e9cr\u00e9t\u00e9 par les parties libyennes pour emp\u00eacher de nouveaux affrontements, ce qui va conduire \u00e0 la tenue des \u00e9lections et \u00e0 la formation du gouvernement.<\/p>\n<\/div>\n<p>Auteur: APA News<br \/>\n<a href=\"https:\/\/www.journalducameroun.com\/al-sissi-et-le-drian-examinent-les-moyens-de-faire-face-a-lescalade-de-lextremisme\/\">Cliquez ici pour lire l&rsquo;article depuis sa source.<\/a><\/p>\n","protected":false},"excerpt":{"rendered":"<p>Publi\u00e9 le 09.11.2020 \u00e0 00h18 par APA News Par Mohamed Fayed \u2014 Le pr\u00e9sident \u00e9gyptien, Abdelfattah Al-Sissi et le ministre fran\u00e7ais des Affaires \u00e9trang\u00e8res, Jean Yves Le Drian ont examin\u00e9, dimanche au Caire, les moyens de de faire face \u00e0 l\u2019escalade de l\u2019extr\u00e9misme et de la haine \u00e0 la lumi\u00e8re des r\u00e9centes tensions entre le [&hellip;]<\/p>\n","protected":false},"author":1965,"featured_media":0,"comment_status":"closed","ping_status":"closed","sticky":false,"template":"","format":"standard","meta":{"fifu_image_url":"","fifu_image_alt":"","footnotes":""},"categories":[73,82],"tags":[],"class_list":["post-104140","post","type-post","status-publish","format-standard","hentry","category-actualite","category-cameroun"],"_links":{"self":[{"href":"https:\/\/linitiative.ca\/International\/wp-json\/wp\/v2\/posts\/104140","targetHints":{"allow":["GET"]}}],"collection":[{"href":"https:\/\/linitiative.ca\/International\/wp-json\/wp\/v2\/posts"}],"about":[{"href":"https:\/\/linitiative.ca\/International\/wp-json\/wp\/v2\/types\/post"}],"author":[{"embeddable":true,"href":"https:\/\/linitiative.ca\/International\/wp-json\/wp\/v2\/users\/1965"}],"replies":[{"embeddable":true,"href":"https:\/\/linitiative.ca\/International\/wp-json\/wp\/v2\/comments?post=104140"}],"version-history":[{"count":0,"href":"https:\/\/linitiative.ca\/International\/wp-json\/wp\/v2\/posts\/104140\/revisions"}],"wp:attachment":[{"href":"https:\/\/linitiative.ca\/International\/wp-json\/wp\/v2\/media?parent=104140"}],"wp:term":[{"taxonomy":"category","embeddable":true,"href":"https:\/\/linitiative.ca\/International\/wp-json\/wp\/v2\/categories?post=104140"},{"taxonomy":"post_tag","embeddable":true,"href":"https:\/\/linitiative.ca\/International\/wp-json\/wp\/v2\/tags?post=104140"}],"curies":[{"name":"wp","href":"https:\/\/api.w.org\/{rel}","templated":true}]}}