{"id":104150,"date":"2020-11-09T11:34:01","date_gmt":"2020-11-09T16:34:01","guid":{"rendered":"https:\/\/linitiative.ca\/International\/en-vertu-dune-convention-signee-en-presence-de-m-le-drian-300-000-euros-pour-les-metiers-des-musees-et-du-patrimoine-en-afrique\/"},"modified":"2020-11-09T11:34:01","modified_gmt":"2020-11-09T16:34:01","slug":"en-vertu-dune-convention-signee-en-presence-de-m-le-drian-300-000-euros-pour-les-metiers-des-musees-et-du-patrimoine-en-afrique","status":"publish","type":"post","link":"https:\/\/linitiative.ca\/International\/en-vertu-dune-convention-signee-en-presence-de-m-le-drian-300-000-euros-pour-les-metiers-des-musees-et-du-patrimoine-en-afrique\/","title":{"rendered":"En vertu d\u2019une convention sign\u00e9e en pr\u00e9sence de M. Le Drian : 300 000 euros pour les m\u00e9tiers des mus\u00e9es et du patrimoine en Afrique"},"content":{"rendered":"<header>\n<div class=\"entry-post-meta\">\n<div class=\"author-link\">Publi\u00e9 par <a itemprop=\"author\" itemscope=\"\" itemtype=\"https:\/\/schema.org\/Person\" href=\"https:\/\/aujourdhui.ma\/author\/kaid\" rel=\"author\"><span itemprop=\"name\">ALM<\/span><\/a><\/div>\n<p>Date\u00a0:<time content=\"2020-11-09T17:34:01+01:00\" class=\"entry-date updated\" datetime=\"2020-11-09T17:34:01+01:00\">novembre 09, 2020<\/time><\/p>\n<div class=\"entry-cat\">dans:<a href=\"https:\/\/aujourdhui.ma\/category\/culture\" rel=\"category tag\">Culture<\/a>, <a href=\"https:\/\/aujourdhui.ma\/category\/une\" rel=\"category tag\">Une<\/a><\/div>\n<p>10Vues<\/p>\n<\/div>\n<\/header>\n<div class=\"entry-content clearfix\" readability=\"61\"><img decoding=\"async\" class=\"post_layout_5_img\" src=\"http:\/\/aujourdhui.ma\/wp-content\/uploads\/2020\/11\/Jean-Yves-Le-Drian-et-Mehdi-Qotbi-et-Mihoub-Mezouaghi-AFD-convention-les-metiers-des-musees-et-du-patrimoine-en-Afrique-.jpg\" alt=\"En vertu d&#x2019;une convention sign&#xE9;e en pr&#xE9;sence de M. Le Drian : 300 000 euros pour les m&#xE9;tiers des mus&#xE9;es et du patrimoine en Afrique\"\/><\/p>\n<p><span class=\"c5\"><strong>Les m\u00e9tiers des mus\u00e9es et du patrimoine en Afrique se d\u00e9veloppent sur terre marocaine.<\/strong><\/span><span id=\"more-359920\"\/><\/p>\n<p>Et c\u2019est une convention de subvention de 300 000 euros, destin\u00e9e \u00e0 financer un programme panafricain de formation, qui contribue fort \u00e0 cette consolidation. Sign\u00e9e en pr\u00e9sence du Ministre de l\u2019Europe et des Affaires Etrang\u00e8res, Jean-Yves Le Drian, de l\u2019Ambassadrice de France au Maroc, H\u00e9l\u00e8ne Le Gal, Mehdi Qotbi, pr\u00e9sident de la Fondation Nationale des mus\u00e9es et Mihoub Mezouaghi, directeur de l\u2019AFD (agence fran\u00e7aise de d\u00e9veloppement) \u00e0 Rabat, cette convention vise en premier lieu \u00e0 mettre en \u0153uvre un programme de renforcement des capacit\u00e9s et d\u2019\u00e9change d\u2019exp\u00e9riences dans le cadre d\u2019une coop\u00e9ration panafricaine, tout en mobilisant l\u2019expertise fran\u00e7aise dans la gestion des mus\u00e9es et la pr\u00e9servation des objets d\u2019art.<\/p>\n<p><a href=\"https:http:\/\/aujourdhui.ma\/wp-content\/uploads\/2020\/11\/Jean-Yves-Le-Drian-et-Mehdi-Qotbi-et-Mihoub-Mezouaghi-AFD-convention-les-metiers-des-musees-et-du-patrimoine-en-Afrique.jpg\"><img decoding=\"async\" loading=\"lazy\" class=\"size-full wp-image-359927 aligncenter\" src=\"http:\/\/aujourdhui.ma\/wp-content\/uploads\/2020\/11\/Jean-Yves-Le-Drian-et-Mehdi-Qotbi-et-Mihoub-Mezouaghi-AFD-convention-les-metiers-des-musees-et-du-patrimoine-en-Afrique.jpg\" alt=\"\" width=\"746\" height=\"380\" srcset=\"http:\/\/aujourdhui.ma\/wp-content\/uploads\/2020\/11\/Jean-Yves-Le-Drian-et-Mehdi-Qotbi-et-Mihoub-Mezouaghi-AFD-convention-les-metiers-des-musees-et-du-patrimoine-en-Afrique.jpg 746w, \/\/aujourdhui.ma\/wp-content\/uploads\/2020\/11\/Jean-Yves-Le-Drian-et-Mehdi-Qotbi-et-Mihoub-Mezouaghi-AFD-convention-les-metiers-des-musees-et-du-patrimoine-en-Afrique-300x153.jpg 300w, \/\/aujourdhui.ma\/wp-content\/uploads\/2020\/11\/Jean-Yves-Le-Drian-et-Mehdi-Qotbi-et-Mihoub-Mezouaghi-AFD-convention-les-metiers-des-musees-et-du-patrimoine-en-Afrique-274x140.jpg 274w, \/\/aujourdhui.ma\/wp-content\/uploads\/2020\/11\/Jean-Yves-Le-Drian-et-Mehdi-Qotbi-et-Mihoub-Mezouaghi-AFD-convention-les-metiers-des-musees-et-du-patrimoine-en-Afrique-165x84.jpg 165w, \/\/aujourdhui.ma\/wp-content\/uploads\/2020\/11\/Jean-Yves-Le-Drian-et-Mehdi-Qotbi-et-Mihoub-Mezouaghi-AFD-convention-les-metiers-des-musees-et-du-patrimoine-en-Afrique-702x358.jpg 702w\" sizes=\"auto, (max-width: 746px) 100vw, 746px\"\/><\/a><\/p>\n<p>\u00ab L\u2019appui de l\u2019AFD permettra ainsi \u00e0 la Fondation Nationale des Mus\u00e9es de consolider sa position en tant que carrefour du savoir-faire africain en mati\u00e8re de conservation, de pr\u00e9servation du patrimoine et d\u2019ing\u00e9nierie culturelle \u00bb, d\u00e9taille l\u2019AFD.<\/p>\n<p>En outre, ce programme r\u00e9unira de nombreux experts issus des pays de l\u2019Afrique de l\u2019ouest francophone et de la France, dans un but de partage des savoir-faire, d\u2019\u00e9change de bonnes pratiques et de structuration d\u2019un r\u00e9seau d\u2019experts africains sur les m\u00e9tiers des mus\u00e9es et du patrimoine.<\/p>\n<\/div>\n<p>Auteur: ALM<br \/>\n<a href=\"https:\/\/aujourdhui.ma\/culture\/en-vertu-dune-convention-signee-en-presence-de-m-le-drian-300-000-euros-pour-les-metiers-des-musees-et-du-patrimoine-en-afrique\">Cliquez ici pour lire l&rsquo;article depuis sa source.<\/a><\/p>\n","protected":false},"excerpt":{"rendered":"<p>Publi\u00e9 par ALM Date\u00a0:novembre 09, 2020 dans:Culture, Une 10Vues Les m\u00e9tiers des mus\u00e9es et du patrimoine en Afrique se d\u00e9veloppent sur terre marocaine. Et c\u2019est une convention de subvention de 300 000 euros, destin\u00e9e \u00e0 financer un programme panafricain de formation, qui contribue fort \u00e0 cette consolidation. Sign\u00e9e en pr\u00e9sence du Ministre de l\u2019Europe et [&hellip;]<\/p>\n","protected":false},"author":1759,"featured_media":104151,"comment_status":"closed","ping_status":"closed","sticky":false,"template":"","format":"standard","meta":{"fifu_image_url":"","fifu_image_alt":"","footnotes":""},"categories":[73,54],"tags":[],"class_list":["post-104150","post","type-post","status-publish","format-standard","has-post-thumbnail","hentry","category-actualite","category-maroc"],"_links":{"self":[{"href":"https:\/\/linitiative.ca\/International\/wp-json\/wp\/v2\/posts\/104150","targetHints":{"allow":["GET"]}}],"collection":[{"href":"https:\/\/linitiative.ca\/International\/wp-json\/wp\/v2\/posts"}],"about":[{"href":"https:\/\/linitiative.ca\/International\/wp-json\/wp\/v2\/types\/post"}],"author":[{"embeddable":true,"href":"https:\/\/linitiative.ca\/International\/wp-json\/wp\/v2\/users\/1759"}],"replies":[{"embeddable":true,"href":"https:\/\/linitiative.ca\/International\/wp-json\/wp\/v2\/comments?post=104150"}],"version-history":[{"count":0,"href":"https:\/\/linitiative.ca\/International\/wp-json\/wp\/v2\/posts\/104150\/revisions"}],"wp:featuredmedia":[{"embeddable":true,"href":"https:\/\/linitiative.ca\/International\/wp-json\/"}],"wp:attachment":[{"href":"https:\/\/linitiative.ca\/International\/wp-json\/wp\/v2\/media?parent=104150"}],"wp:term":[{"taxonomy":"category","embeddable":true,"href":"https:\/\/linitiative.ca\/International\/wp-json\/wp\/v2\/categories?post=104150"},{"taxonomy":"post_tag","embeddable":true,"href":"https:\/\/linitiative.ca\/International\/wp-json\/wp\/v2\/tags?post=104150"}],"curies":[{"name":"wp","href":"https:\/\/api.w.org\/{rel}","templated":true}]}}