{"id":104152,"date":"2020-11-09T08:40:47","date_gmt":"2020-11-09T13:40:47","guid":{"rendered":"https:\/\/linitiative.ca\/International\/guinee-la-cour-constitutionnelle-confirme-la-victoire-dalpha-conde\/"},"modified":"2020-11-09T08:40:47","modified_gmt":"2020-11-09T13:40:47","slug":"guinee-la-cour-constitutionnelle-confirme-la-victoire-dalpha-conde","status":"publish","type":"post","link":"https:\/\/linitiative.ca\/International\/guinee-la-cour-constitutionnelle-confirme-la-victoire-dalpha-conde\/","title":{"rendered":"Guin\u00e9e: La Cour Constitutionnelle confirme la victoire d\u2019Alpha Cond\u00e9"},"content":{"rendered":"<p class=\"has-text-color c2\"><strong>Bien qu\u2019\u00e9tant \u00e0 la t\u00eate de la Guin\u00e9e depuis 2010, le pr\u00e9sident Alpha Cond\u00e9, 82 ans, a voulu postuler pour un troisi\u00e8me mandat. Mais, sachant qu\u2019une telle d\u00e9marche va \u00e0 l\u2019encontre des dispositions d\u00fbment arr\u00eat\u00e9es par la Constitution, le chef de l\u2019Etat s\u2019est mis en t\u00eate l\u2019id\u00e9e de proposer \u00e0 ses compatriotes une r\u00e9forme constitutionnelle qui lui permettrait d\u2019\u00eatre candidat \u00e0 sa propre succession.<\/strong><\/p>\n<p>Cette initiative n\u2019ayant point \u00e9t\u00e9 du go\u00fbt des guin\u00e9ens, apr\u00e8s\u00a0 la tr\u00eave forc\u00e9e inh\u00e9rente \u00e0 la crise sanitaire du Covid-19 et l\u2019appel\u00a0 lanc\u00e9 par le Front National de D\u00e9fense de la Constitution (FNDC) contre toute \u00abconfiscation du pouvoir\u00bb, ceux-ci continu\u00e8rent \u00e0 r\u00e9clamer, \u00e0 grand renfort de manifestations, la r\u00e9vision du fichier \u00e9lectoral et le retrait du pr\u00e9sident en exercice de la course \u00e0 l\u2019investiture supr\u00eame. Or, en faisant fi des revendications populaires, le pr\u00e9sident a fait un pas important en direction de la \u00abpatrimonialisation du pouvoir\u00bb en organisant le r\u00e9f\u00e9rendum constitutionnel en mars dernier; ce qui donna lieu \u00e0 des mois de manifestations et de violences qui se sold\u00e8rent par la mort de dizaines de personnes, civiles dans leur grande majorit\u00e9.<\/p>\n<p>S\u2019\u00e9tant donc fait tailler une \u00abconstitution sur mesure\u00bb apr\u00e8s \u00eatre parvenu \u00e0 mettre au pas toutes les institutions, y compris les forces arm\u00e9es, le vieux professeur qui n\u2019entend point abandonner le fauteuil pr\u00e9sidentiel et qui s\u2019est arrog\u00e9 \u2013 de mani\u00e8re constitutionnelle \u2013 le droit de briguer ce nouveau mandat auquel il tient tant en invoquant le fait que cette r\u00e9forme constitutionnelle qui va lui permettre de \u00abremettre les compteurs \u00e0 z\u00e9ro\u00bb ne le comptabiliserait qu\u2019en tant que premier mandat m\u00eame s\u2019il dirige le pays depuis 2010, a d\u00e9pos\u00e9 sa candidature pour l\u2019\u00e9lection pr\u00e9sidentielle du 18 Octobre dernier.<\/p>\n<p>C\u2019est \u00e0 ce titre, d\u2019ailleurs, que le 24 Octobre dernier, la Commission Electorale Nationale Ind\u00e9pendante (CENI) charg\u00e9e de la gestion des \u00e9lections de Guin\u00e9e avait annonc\u00e9, lors d\u2019une r\u00e9union qui s\u2019\u00e9tait tenue au Palais du Peuple \u2013 si\u00e8ge de l\u2019Assembl\u00e9e Nationale \u2013 \u00e0 Conakry,\u00a0 qu\u2019\u00e0 l\u2019issue du scrutin du 18 Octobre auquel ont concouru 12 candidats,\u00a0 le pr\u00e9sident sortant, Alpha Cond\u00e9, candidat du Rassemblement du Peuple de Guin\u00e9e \u2013 Arc-En-Ciel, (RPG), a recueilli 59,49% des suffrages exprim\u00e9s; ce qui lui permet, d\u00e9sormais, d\u2019effectuer un nouveau mandat pr\u00e9sidentiel.<\/p>\n<p>Mais, l\u2019opposition qui ne l\u2019entend pas de cette oreille a d\u00e9pos\u00e9 plusieurs recours aupr\u00e8s de la Cour Constitutionnelle de Guin\u00e9e si bien que ce samedi 7 novembre, cette derni\u00e8re, qui a jug\u00e9 \u00abmal fond\u00e9es\u00bb lesdites requ\u00eates, a valid\u00e9, de mani\u00e8re d\u00e9finitive, les r\u00e9sultats proclam\u00e9s le 24 Octobre dernier par la CENI, d\u00e9clar\u00e9 \u00abr\u00e9gulier\u00bb le scrutin du 18 octobre, affirm\u00e9 qu\u2019Alpha Cond\u00e9 a d\u00e9pass\u00e9 la majorit\u00e9 absolue en recueillant 2.438.815 voix et, reconnu, en cons\u00e9quence, \u00abqu\u2019Alpha Cond\u00e9 est \u00e9lu, au premier tour de l\u2019\u00e9lection pr\u00e9sidentielle du 18 Octobre, pr\u00e9sident de la R\u00e9publique de Guin\u00e9e\u00bb. La confirmation ainsi faite par la plus haute instance judiciaire du pays va-t-elle mettre un terme \u00e0 la contestation populaire qui \u00e9branle la Guin\u00e9e depuis plusieurs mois ? Attendons pour voir\u2026<\/p>\n<p class=\"c3\"><strong>Nabil El Bousaadi<\/strong><\/p>\n<p>Auteur: M&rsquo;hammed rahal<br \/>\n<a href=\"http:\/\/albayane.press.ma\/guinee-la-cour-constitutionnelle-confirme-la-victoire-dalpha-conde.html\">Cliquez ici pour lire l&rsquo;article depuis sa source.<\/a><\/p>\n","protected":false},"excerpt":{"rendered":"<p>Bien qu\u2019\u00e9tant \u00e0 la t\u00eate de la Guin\u00e9e depuis 2010, le pr\u00e9sident Alpha Cond\u00e9, 82 ans, a voulu postuler pour un troisi\u00e8me mandat. Mais, sachant qu\u2019une telle d\u00e9marche va \u00e0 l\u2019encontre des dispositions d\u00fbment arr\u00eat\u00e9es par la Constitution, le chef de l\u2019Etat s\u2019est mis en t\u00eate l\u2019id\u00e9e de proposer \u00e0 ses compatriotes une r\u00e9forme constitutionnelle [&hellip;]<\/p>\n","protected":false},"author":1760,"featured_media":0,"comment_status":"closed","ping_status":"closed","sticky":false,"template":"","format":"standard","meta":{"fifu_image_url":"","fifu_image_alt":"","footnotes":""},"categories":[73,54],"tags":[],"class_list":["post-104152","post","type-post","status-publish","format-standard","hentry","category-actualite","category-maroc"],"_links":{"self":[{"href":"https:\/\/linitiative.ca\/International\/wp-json\/wp\/v2\/posts\/104152","targetHints":{"allow":["GET"]}}],"collection":[{"href":"https:\/\/linitiative.ca\/International\/wp-json\/wp\/v2\/posts"}],"about":[{"href":"https:\/\/linitiative.ca\/International\/wp-json\/wp\/v2\/types\/post"}],"author":[{"embeddable":true,"href":"https:\/\/linitiative.ca\/International\/wp-json\/wp\/v2\/users\/1760"}],"replies":[{"embeddable":true,"href":"https:\/\/linitiative.ca\/International\/wp-json\/wp\/v2\/comments?post=104152"}],"version-history":[{"count":0,"href":"https:\/\/linitiative.ca\/International\/wp-json\/wp\/v2\/posts\/104152\/revisions"}],"wp:attachment":[{"href":"https:\/\/linitiative.ca\/International\/wp-json\/wp\/v2\/media?parent=104152"}],"wp:term":[{"taxonomy":"category","embeddable":true,"href":"https:\/\/linitiative.ca\/International\/wp-json\/wp\/v2\/categories?post=104152"},{"taxonomy":"post_tag","embeddable":true,"href":"https:\/\/linitiative.ca\/International\/wp-json\/wp\/v2\/tags?post=104152"}],"curies":[{"name":"wp","href":"https:\/\/api.w.org\/{rel}","templated":true}]}}