{"id":104158,"date":"2020-11-09T09:46:31","date_gmt":"2020-11-09T14:46:31","guid":{"rendered":"https:\/\/linitiative.ca\/International\/le-maroc-et-la-recuperation-du-sahara-a-travers-le-quotidien-espagnol-abc\/"},"modified":"2020-11-09T09:46:31","modified_gmt":"2020-11-09T14:46:31","slug":"le-maroc-et-la-recuperation-du-sahara-a-travers-le-quotidien-espagnol-abc","status":"publish","type":"post","link":"https:\/\/linitiative.ca\/International\/le-maroc-et-la-recuperation-du-sahara-a-travers-le-quotidien-espagnol-abc\/","title":{"rendered":"Le Maroc et la r\u00e9cup\u00e9ration du Sahara \u00e0 travers le quotidien espagnol ABC"},"content":{"rendered":"<p class=\"has-text-color has-vivid-red-color c2\"><strong>Point de vue<\/strong><\/p>\n<p class=\"c3\"><em><strong>Par Youssef Akmir*<\/strong><\/em><\/p>\n<p><strong>Notre propos s\u2019articulera autour des deux axes suivants\u00a0:<\/strong><\/p>\n<div class=\"wp-block-image\"><img decoding=\"async\" src=\"http:\/\/albayane.press.ma\/wp-content\/uploads\/ouv-12222-270x360.jpg\" alt=\"\" class=\"wp-image-98547\"\/><\/div>\n<p class=\"has-text-color c4\"><strong>1. Nous donnerons d\u2019abord un bref aper\u00e7u sur le quotidien<\/strong> <em><strong>ABC<\/strong><\/em><strong>. Dans cette partie nous allons aborder le contexte historique dans lequel<\/strong> <em><strong>ABC<\/strong><\/em> <strong>a adopt\u00e9 une ligne \u00e9ditoriale sp\u00e9cifique fond\u00e9e sur des orientations id\u00e9ologiques conservatrices.<\/strong><\/p>\n<p>2. A travers l\u2019analyse d\u2019un ensemble d\u2019articles, nous tenterons de mettre au jour la mani\u00e8re dont <em>ABC<\/em> a trait\u00e9 l\u2019un des moments cruciaux de l\u2019histoire du Maroc, \u00e0 savoir la Marche verte. Quelles sont donc les caract\u00e9ristiques du quotidien <em>ABC<\/em>\u00a0? Quels sont les traits distinctifs du discours adopt\u00e9 \u00e0 l\u2019\u00e9gard de la Marche verte en tant qu\u2019\u00e9v\u00e9nement historique\u00a0?<\/p>\n<ol>\n<li><strong>Aper\u00e7u sur le parcours de<\/strong> <em><strong>ABC<\/strong><\/em><\/li>\n<\/ol>\n<p><em>ABC<\/em> a \u00e9t\u00e9 fond\u00e9 \u00e0 Madrid le 1<sup>er<\/sup> janvier 1903 par Torcuato Luca de Tena et \u00c1lvarez-Ossorio. Journal de tendance conservatrice, politiquement de droite, <em>ABC<\/em> avait adopt\u00e9 et adopte toujours une ligne \u00e9ditoriale \u00e0 soutenir la monarchie \u00e0 travers un discours politique simple et populaire destin\u00e9 \u00e0 des lecteurs appartenant \u00e0 diverses couches sociales<a href=\"#_ftn1\">[1]<\/a>.<\/p>\n<p>Dans son parcours, <em>ABC<\/em> fut d\u2019abord un hebdomadaire. Il est devenu un quotidien \u00e0 partir de juin 1905 et ce pour pallier le vide en mati\u00e8re journalistique dans le sud de l\u2019Espagne. La direction de <em>ABC<\/em> proc\u00e9da \u00e0 fonder la section de l\u2019Andalousie qui veilla \u00e0 publier <em>ABC Andalusia<\/em> en 1929 \u00e0 S\u00e9ville<a href=\"#_ftn2\">[2]<\/a>.<\/p>\n<p>Quand la guerre civile fut d\u00e9clench\u00e9e en 1933, <em>ABC de S\u00e9ville<\/em> se s\u00e9para de la direction de <em>ABC de Madrid<\/em>. Les deux quotidiens adopt\u00e8rent deux lignes \u00e9ditoriales, politiquement et id\u00e9ologiquement diff\u00e9rentes car <em>ABC<\/em> de Madrid soutint les r\u00e9publicains alors que <em>ABC<\/em> de S\u00e9ville choisit le camp des franquistes.<\/p>\n<p>Apr\u00e8s la guerre civile et la prise de pouvoir par Franco, <em>ABC<\/em> est devenu le porte-parole du r\u00e9gime franquiste. Mais ce qui le distingua \u00e0 cette p\u00e9riode c\u2019est qu\u2019il n\u2019a pas \u00e9volu\u00e9 et peinait \u00e0 apporter de nouvelles informations<a href=\"#_ftn3\">[3]<\/a>.<\/p>\n<p>A la fin des ann\u00e9es 60 du si\u00e8cle dernier, <em>ABC<\/em> conna\u00eetra un nouvel essor d\u2019ordre qualitatif quant au traitement de nouveaux th\u00e8mes. C\u2019\u00e9tait le r\u00e9sultat de la d\u00e9tente politique que l\u2019Espagne commen\u00e7a \u00e0 conna\u00eetre lorsque le code de la presse entra en vigueur et quand le nouveau ministre de l\u2019information, Manuel Fraga, d\u00e9cida d\u2019annuler la censure<a href=\"#_ftn4\">[4]<\/a>. On constata alors une am\u00e9lioration remarquable des contenus, ce qui a entra\u00een\u00e9 une nette augmentation des ventes. De fait, <em>ABC<\/em> aborda ainsi divers th\u00e8mes d\u2019ordre politique et social propres \u00e0 l\u2019Espagne et au reste du monde. Voici quelques-uns des titres renvoyant \u00e0 certains th\u00e8mes que le quotidien a pu aborder b\u00e9n\u00e9ficiant de la sorte du nouveau contexte politique et social que connut alors l\u2019Espagne.<\/p>\n<p>\u2015 L\u2019opposition au r\u00e9gime franquiste \u00e0 l\u2019\u00e9tranger<a href=\"#_ftn5\">[5]<\/a><\/p>\n<p>\u2015 Les \u00e9chos de la question basque en France<a href=\"#_ftn6\">[6]<\/a><\/p>\n<p>\u2015 La situation dans le monde arabe<a href=\"#_ftn7\">[7]<\/a><\/p>\n<p>\u2015 Les activit\u00e9s du parti socialiste espagnol (PSE) en France<a href=\"#_ftn8\">[8]<\/a><\/p>\n<p>Aux environs de cette p\u00e9riode les ventes ont sensiblement augment\u00e9. Entre 1966 et 1971 <em>ABC<\/em> a pu occuper la deuxi\u00e8me place sur le plan national apr\u00e8s le quotidien <em>Lavanguardia<\/em> au point qu\u2019on r\u00e9p\u00e9tait que ce qui n\u2019est pas publi\u00e9 dans <em>ABC<\/em> n\u2019est point une information<a href=\"#_ftn9\">[9]<\/a>.<\/p>\n<p>En 2005, sous la direction d\u2019un r\u00e9dacteur en chef conservateur et controvers\u00e9, <em>ABC<\/em>, quant aux ventes, a pu occuper la deuxi\u00e8me place sur le plan national, ce qui signifie qu\u2019une opinion publique conservatrice et monarchiste existe bel et bien en Espagne.<\/p>\n<p><strong>2.<\/strong> <em><strong>ABC<\/strong><\/em> <strong>et l\u2019histoire du Maroc au d\u00e9but du xx<\/strong><sup><strong>e<\/strong><\/sup><strong>si\u00e8cle<\/strong><\/p>\n<p><em>ABC<\/em> a couvert les \u00e9v\u00e9nements de la guerre du Rif en 1909, dits combats Khandaq ad-Dhib aux environs de Mellilia o\u00f9 il a envoy\u00e9 des reporters et des chroniqueurs ayant la charge de d\u00e9crire de visu ces combats. <em>ABC<\/em> a eu le privil\u00e8ge l\u2019avantage de prendre des images a\u00e9riennes. <em>ABC<\/em> fut donc le premier journal dans le monde qui a pris des photos a\u00e9riennes de guerre<a href=\"#_ftn10\">[10]<\/a>.<\/p>\n<p>En 1911, du c\u0153ur de F\u00e8s, l\u2019envoy\u00e9 du quotidien couvrit la r\u00e9volte et les pressions exerc\u00e9es par la France sur le Sultan du Maroc. En 1925, <em>ABC<\/em> couvrit les \u00e9v\u00e9nements relatifs \u00e0 l\u2019alliance franco-espagnole contre Mohammed Ben Abdelkerime Khattabi, car son envoy\u00e9 sp\u00e9cial rapportait, \u00e0 partir des c\u00f4tes de El Hoceima, les \u00e9v\u00e9nements relatifs aux op\u00e9rations militaires franco-espagnoles men\u00e9es ainsi que les ripostes de la r\u00e9sistance rifaine<a href=\"#_ftn11\">[11]<\/a>.<\/p>\n<p>C\u2019est un aper\u00e7u sur le parcours de <em>ABC<\/em>, mais qu\u2019en est-il de sa couverture de la Marche verte et de la r\u00e9cup\u00e9ration du Sahara<\/p>\n<p><strong>3. La Marche verte \u00e0 travers<\/strong> <em><strong>ABC<\/strong><\/em><\/p>\n<p>Les informations que contient <em>ABC<\/em> nous a aid\u00e9 \u00e0 traiter la Marche verte et ce \u00e0 partir de trois axes.<\/p>\n<p>1. Revendication d\u2019une souverainet\u00e9 historique sur le Sahara.\u00a0: Le verdict de la Cour internationale de La Haye, Le Maroc d\u00e9cide d\u2019une Marche pacifique vers le Sahara.\u00a0;<\/p>\n<p>2. Les n\u00e9gociations entre l\u2019Espagne et le Maroc et la Mauritanie\u00a0;<\/p>\n<p>3. Le d\u00e9part de l\u2019Espagne et la r\u00e9cup\u00e9ration du Sahara<\/p>\n<p>Tous les articles consult\u00e9s sont publi\u00e9s entre mai 1975 et f\u00e9vrier 1976. C\u2019est dire que c\u2019est la p\u00e9riode durant laquelle la question du Sahara va conna\u00eetre des avanc\u00e9es politiques qui ont abouti \u00e0 mettre terme \u00e0 la pr\u00e9sence espagnole sur les territoires r\u00e9cup\u00e9r\u00e9s.<\/p>\n<p>Malgr\u00e9 la nature conservatrice du quotidien, nous remarquons qu\u2019il adopte un discours mod\u00e9r\u00e9, moins chauviniste \u00e0 le comparer \u00e0 d\u2019autres quotidiens espagnols comme <em>Ya<\/em> ou <em>Arriba Espan\u00e3<\/em>.<\/p>\n<p>Dans une chronique publi\u00e9e le 13 mai 1975<a href=\"#_ftn12\">[12]<\/a>, l\u2019auteur propose que l\u2019Espagne se retire du Sahara et rappelle \u00e0 l\u2019opinion publique les catastrophes caus\u00e9es par les aventures h\u00e9g\u00e9monistes espagnoles dans le continent africain qui ont conduit \u00e0 des guerres comme Khandaq ad-Dib ou Anoual. l\u2019Espagne peut donc s\u2019\u00e9pargner l\u2019indignation que peut susciter \u00e9ventuellement tout affrontement militaire avec le Maroc, affrontement in\u00e9luctable si l\u2019Espagne d\u00e9cide de continuer \u00e0 occuper le Sahara. Selon l\u2019auteur de cet article \u00ab\u00a0les d\u00e9clarations du gouvernement au sujet du Sahara sont tomb\u00e9es au bon moment pour \u00e9voquer la question du retrait du Sahara dans les plus brefs d\u00e9lais possibles\u00a0\u00bb. Dans le m\u00eame contexte, l\u2019auteur de l\u2019article rappelle les d\u00e9faites que l\u2019arm\u00e9e espagnole a essuy\u00e9es au Maroc au d\u00e9but du XXe si\u00e8cle et ce travers les pens\u00e9es du philosophe Angel Ganivet qui dit\u00a0: \u00ab\u00a0l\u2019Afrique a largement empoisonn\u00e9 le moral de la nation, exangu\u00e9 son corps, \u00e9puis\u00e9 ses ressources, fan\u00e9 ses esp\u00e9rances et sa foi dans l\u2019avenir, et a g\u00e9n\u00e9ralis\u00e9 l\u2019injustice et l\u2019absurdit\u00e9 historique.\u00a0\u00bb l\u2019article finit ainsi\u00a0: \u00ab\u00a0Sortons du Sahara le plus t\u00f4t possible. Rappelons-nous cette fameuse v\u00e9rit\u00e9 selon laquelle l\u2019\u00e9cho de tout coup de feu tir\u00e9 en Afrique r\u00e9sonne en Espagne<a href=\"#_ftn13\">[13]<\/a>\u00a0\u00bb.<\/p>\n<p><strong>1. Le Maroc d\u00e9cide d\u2019une Marche pacifique vers le Sahara.<\/strong><\/p>\n<p>Dans la livraison du 17 octobre 1975, <em>ABC<\/em> consacra tout une page au discours du feu Hassan II consacr\u00e9 au devoir de lib\u00e9rer les r\u00e9gions du Sahara. Dans le m\u00eame num\u00e9ro <em>ABC<\/em> a publi\u00e9 un article qui indique que le ministre des Affaires Etrang\u00e8res, Ahmed Laraki, a d\u00e9clar\u00e9 qu\u2019une marche civile se dirigera dans les jours qui viennent vers le Sahara. Cette marche comprend 350000 citoyennes et citoyens pour lib\u00e9rer les territoires occup\u00e9s et ce \u00e0 la suite du verdict de la Cour internationale de La Haye. Dans le m\u00eame article, <em>ABC<\/em> indique que M. Ahmed Laraki confirma, dans ses d\u00e9clarations faites dans une conf\u00e9rence de presse aux Nations Unies, qu\u2019il s\u2019agit d\u2019une marche civile et que l\u2019Espagne doit assumer les cons\u00e9quences si elle d\u00e9cide de s\u2019opposer \u00e0 cette marche<a href=\"#_ftn14\">[14]<\/a>. <em>ABC<\/em> a \u00e9voqu\u00e9 \u00e9galement les d\u00e9clarations de Ali Skalli, ambassadeur du Maroc aupr\u00e8s des Nations Unies, dans lesquelles il a insist\u00e9 sur l\u2019importance de cet \u00e9v\u00e9nement historique ainsi que sur la reconnaissance de la Cour internationale de La Haye du poids juridique et de la pr\u00e9sence historique de la souverainet\u00e9 du Maroc sur les territoires sahariens. L\u2019ambassadeur du Maroc a \u00e9galement insist\u00e9 sur le fait que les revendications du Maroc ont \u00e9t\u00e9 reconnues par l\u2019instance consultative des Nations Unies ce qui revient donc \u00e0 dire que c\u2019est une reconnaissance claire et nette ne souffrant aucune ambigu\u00eft\u00e9 ni malentendu<a href=\"#_ftn15\">[15]<\/a>.<\/p>\n<p><strong>2. Les pourparlers maroco-mauritano-espagnols<\/strong><\/p>\n<p><em>ABC<\/em> consacra une s\u00e9rie d\u2019articles aux pourparlers maroco-espagnols qui allaient aboutir \u00e0 l\u2019accord de Madrid. Dans ce cadre <em>ABC<\/em> publia diverses informations sur les relations entre Rabat et Madrid. <em>ABC<\/em> aura donc un r\u00f4le important dans la cr\u00e9ation d\u2019une pr\u00e9disposition au sein de l\u2019opinion publique pour le convaincre d\u2019un \u00e9ventuel retrait de l\u2019Espagne du Sahara. Dans sa livraison du 22 octobre 1975, <em>ABC<\/em> rapporte que le gouvernement espagnol a pris l\u2019initiative d\u2019opter pour les solutions pacifiques concernant la question du Sahara et ce \u00e0 travers les voies diplomatiques<a href=\"#_ftn16\">[16]<\/a>. <em>ABC<\/em> rend compte de la visite qu\u2019effectua au Maroc M. Jos\u00e9 Solles, Secr\u00e9taire G\u00e9n\u00e9ral du gouvernement espagnol, ainsi que la mani\u00e8re dont il a \u00e9t\u00e9 re\u00e7u par le Roi Hassan II. Le m\u00eame article rend compte de l\u2019effet positif de cette visite aussi bien \u00e0 Rabat qu\u2019\u00e0 Madrid car il l\u2019a consid\u00e9r\u00e9e comme \u00e9tant la pierre angulaire dans une nouvelle \u00e8re dans les relations maroco-espagnoles qui seraient marqu\u00e9es par l\u2019entente et la coop\u00e9ration<a href=\"#_ftn17\">[17]<\/a>.<\/p>\n<p>Dans la livraison du 26 octobre, ABC a publi\u00e9 un article dans lequel il rend compte de la visite qu\u2019effectua le ministre des Affaires Etrang\u00e8res du Maroc, Ahmed Laraki, ainsi que des n\u00e9gociations qu\u2019il a eues avec Arrias Navarro. Ces n\u00e9gociations s\u2019interrompirent, selon le journal \u00e0 cause de la d\u00e9t\u00e9rioration de l\u2019\u00e9tat de sant\u00e9 de Franco<a href=\"#_ftn18\">[18]<\/a>.<\/p>\n<p>A propos du m\u00eame sujet, ABC a publi\u00e9 dans sa livraison du 12 novembre 1975<a href=\"#_ftn19\">[19]<\/a> un article dans lequel il dit que, sur le coup de cinq heures du jour d\u2019avant, est arriv\u00e9e \u00e0 l\u2019a\u00e9roport de Barjas une d\u00e9l\u00e9gation marocaine de haut niveau comprenant le premier ministre, Ahmed Ossmane, le ministre des Affaires Etrang\u00e8res, Ahmed Laraki, le ministre de Travail et des affaires sociales, El Khattabi, et le secr\u00e9taire d\u2019Etat charg\u00e9 des affaires du Sahara, Abdessalam Znined ainsi que Karim Lamrani. Tous ont \u00e9t\u00e9 re\u00e7us par le chef du gouvernement Arrias Navarro, le ministre des A E Pedro Cortina Mori et les ambassadeurs du Maroc et de l\u2019Espanes, Abdellatif Filali et Martine Camero. Les n\u00e9gociations ont eu lieu ce jour m\u00eame dans le local de la primature<a href=\"#_ftn20\">[20]<\/a>.<\/p>\n<p>Dans le m\u00eame contexte, <em>ABC<\/em> a publi\u00e9 dans sa livraison du 14 novembre 1975 un article dans lequel il confirma, selon des sources fiables, que les n\u00e9gociations entre le Maroc, la Mauritanie et l\u2019Espagne, que pr\u00e9sidaient Ahmed Ossman, Hamdi Ould Mekn\u00e8s et Arrias Navaro, aboutiraient l\u2019accord de Madrid<a href=\"#_ftn21\">[21]<\/a>.<\/p>\n<p>Dans le m\u00eame num\u00e9ro, <em>ABC<\/em> a publi\u00e9 un article dans lequel il souligne le sentiment de satisfaction avec lequel il a re\u00e7u le discours du Roi Hassan II qui a donn\u00e9 l\u2019ordre de faire marche-arri\u00e8re et qui a insist\u00e9 sur l\u2019amiti\u00e9, le relations de bon voisinage liant le Maroc et l\u2019Espagne. Le m\u00eame article indique que le Roi avait re\u00e7u dans les jours qui suivent M. le ministre Caro Pagadarro et M. le ministre des Affaires Etrang\u00e8res Jos\u00e9 Solles \u00e0 Agadir. Une d\u00e9l\u00e9gation de haut niveau a \u00e9t\u00e9 d\u00e9p\u00each\u00e9e pour n\u00e9gocier avec les hautes autorit\u00e9s espagnoles y compris le Roi Juan Carlos<a href=\"#_ftn22\">[22]<\/a>.<\/p>\n<p><strong>3. Le retrait de l\u2019Espagne et la r\u00e9cup\u00e9ration du Sahara<\/strong><\/p>\n<p>Parall\u00e8lement \u00e0 la Marche verte et aux n\u00e9gociations diplomatiques, il y avait eu d\u2019autres \u00e9v\u00e9nements qui ont eu lieu qui se sont produits dans le contexte historique que nous d\u00e9crivons ici et que <em>ABC<\/em> a tent\u00e9 de cerner de plus pr\u00e8s. L\u2019\u00e9vacuation de la population espagnole du Sahara et le retrait des autorit\u00e9s espagnoles, tels sont les th\u00e8mes abord\u00e9s par le quotidien. Il a \u00e9galement rendu comptes des diff\u00e9rentes \u00e9tapes de ces op\u00e9rations. Dans sa livraison du 23 octobre 1975, <em>ABC<\/em> a rapport\u00e9 que la demande en ce qui concerne les billets d\u2019avion assurant le trafic entre le Sahara et la p\u00e9ninsule ib\u00e9rique et les Iles Canaries a enregistr\u00e9 une hausse consid\u00e9rable. Le quotidien a rapport\u00e9 \u00e9galement que d\u2019autres trafics suppl\u00e9mentaires ont \u00e9t\u00e9 pr\u00e9vus<a href=\"#_ftn23\">[23]<\/a>. Cette hausse de la demande de billets \u00e9tait la cons\u00e9quence de l\u2019\u00e9vacuation et le retour des colons espagnols au pays. Dans le m\u00eame article, <em>ABC<\/em> informe qu\u2019il y avait d\u2019autres avions militaires sillonnaient le ciel de Laayoun en vue de transporter les bagages des colons espagnols. De sources s\u00fbres, selon le quotidien, des avions-cargos ayant la capacit\u00e9 de transporter 150000 kg ont d\u00e9coll\u00e9 depuis le d\u00e9but de la semaine de Laayoun pleins \u00e0 craquer vers l\u2019Espagne<a href=\"#_ftn24\">[24]<\/a>.<\/p>\n<p>C\u2019est dans le m\u00eame cadre que s\u2019inscrit l\u2019article publi\u00e9 par <em>ABC<\/em> le 6 novembre 1975 dans lequel il rapporte que le navire <em>Plusultra<\/em> a quitt\u00e9 le port en transportant 117 voyageurs espagnols ainsi que du mat\u00e9riel, quelques produits et quelques voitures. Le quotidien rapporte que l\u2019\u00e9vacuation massive de la population espagnole du Sahara avait pour cons\u00e9quence une forte diminution dans le nombre de celle-ci qui ne d\u00e9passait alors pas 1100 \u00e2mes. Les autorit\u00e9s ont proc\u00e9d\u00e9 \u00e0 ouvrir des bureaux charg\u00e9s de donner aux colons espagnols des sommes d\u2019argent pour se procurer des billets d\u2019avion et pour faciliter leur \u00e9vacuation ainsi que des coupons-mandats dont la valeur a \u00e9t\u00e9 fix\u00e9e \u00e0 25000 pesetas<a href=\"#_ftn25\">[25]<\/a>.<\/p>\n<p><em>ABC<\/em> a rendu compte d\u2019un autre \u00e9v\u00e9nement, \u00e0 savoir le retrait des troupes espagnoles du Sahara et les circonstances dans lesquelles a eu lieu ce retrait car cette op\u00e9ration logistique se fait dans la dans le secret total sans pr\u00e9ciser ni les dates ni le degr\u00e9 et que l\u2019\u00e9vacuation militaire, selon les d\u00e9clarations du G\u00e9n\u00e9ral Gomez De Salazar, s\u2019est faite \u00e0 50% et que c\u2019est par Villa Cisneros (Dakhla) que se fait le transfert des \u00e9quipements militaires lourds<a href=\"#_ftn26\">[26]<\/a>.<\/p>\n<p>Le dernier article que nous mentionnons ici a \u00e9t\u00e9 publi\u00e9 par <em>ABC<\/em> le 29 f\u00e9vrier 1976. Dans cet article <em>ABC<\/em> rapporte que le dernier drapeau espagnol au Sahara a \u00e9t\u00e9 officiellement roul\u00e9 ce jour-l\u00e0 apr\u00e8s avoir inform\u00e9 le conseil de la Jamaa au Sahara et le Secr\u00e9tariat g\u00e9n\u00e9ral de l\u2019ONU du retrait d\u00e9finitif des autorit\u00e9s espagnoles du Sahara<a href=\"#_ftn27\">[27]<\/a>.<\/p>\n<p>Telles sont les quelques questions que nous avons soulev\u00e9es \u00e0 travers les articles publi\u00e9s par <em>ABC<\/em> en 1975 qui nous permettent d\u2019avoir une id\u00e9e g\u00e9n\u00e9rale sur le r\u00f4le m\u00e9diatique que la presse espagnole \u00e9crite a pu jouer.<\/p>\n<p class=\"c3\"><em><strong>Universit\u00e9 Ibn Zohr \u2013 Agadir<\/strong><\/em><\/p>\n<hr class=\"wp-block-separator\"\/>\n<p><a href=\"#_ftnref1\">[1]<\/a>. V\u00edctor Olmos, <em>Historia del ABC. 100 a\u00f1os clave en la Historia de Espa\u00f1a<\/em>. Barcelona, Plaza y Jan\u00e9s, 2002, p. 719.<\/p>\n<p><a href=\"#_ftnref2\">[2]<\/a>. V\u00edctor Olmos, <em>op. cit.<\/em><\/p>\n<p><a href=\"#_ftnref3\">[3]<\/a>. Francisco Javier Davara Torrego, \u00ab\u00a0Los peri\u00f3dicos espa\u00f1oles en el tardo franquismo. Consecuencias de la nueva ley de prensa\u00a0\u00bb <em>Revista de Comunicacion y Hombre<\/em>, n\u00b0 1, 2005, pp. 131-147.<\/p>\n<p><a href=\"#_ftnref4\">[4]<\/a>. Manuel Ruiz Romero, \u00ab\u00a0Censura y consignas en la prensa franquista. Algunos ejemplos de dirigismo informativo\u00a0\u00bb <em>\u00c1MBITOS. Revista Internacional de Comunicaci\u00f3n<\/em>, n\u00ba 9-10, Semestre 2, 2002, Universidad de Sevilla, A\u00f1o 2003, pp. 507-529.<\/p>\n<p><a href=\"#_ftnref5\">[5]<\/a>. <em>ABC<\/em>, 12 de Noviembre de 1975, \u00ab\u00a0Granada\u00a0: Detenidas treinta y siete personas acusadas de actividades subversivas\u00a0\u00bb.<\/p>\n<p><a href=\"#_ftnref6\">[6]<\/a>. <em>ABC<\/em>, 4 de Noviembre de 1975, \u00ab\u00a0Rotundo fracaso de la marcha internacional\u00a0: Los escasos manifestantes, ateridos, calados por la lluvia, ni siquiera pudieron hablar con representantes vasco-franceses\u00a0\u00bb.<\/p>\n<p><a href=\"#_ftnref7\">[7]<\/a>. <em>ABC<\/em>, 15 de Agosto de 1979, \u00ab\u00a0Enfrentamiento en Beirut entre Tropas Sirias y Milicianos Derechistas\u00a0\u00bb.<\/p>\n<p><a href=\"#_ftnref8\">[8]<\/a>. <em>ABC<\/em>, 31 de Mayo de 1975, \u00ab\u00a0Felipe Gonzalez: Cambiar las estructuras economicas\u00a0\u00bb.<\/p>\n<p><a href=\"#_ftnref9\">[9]<\/a>. V\u00edctor Olmos, <em>op. cit.<\/em><\/p>\n<p><a href=\"#_ftnref10\">[10]<\/a>. Israel Villana, \u00ab\u00a0ABC, Mas de un siglo informando desde Marruecos\u00a0\u00bb, <em>ABC<\/em>, 26 de Enero de 2011.<\/p>\n<p><a href=\"#_ftnref11\">[11]<\/a>. <em>ABC<\/em>, 26 de Enero de 2011, <em>op. cit.<\/em><\/p>\n<p><a href=\"#_ftnref12\">[12]<\/a>. <em>ABC<\/em>, 13 de Mayo de 1975, \u00ab\u00a0Sahara\u00a0\u00bb.<\/p>\n<p><a href=\"#_ftnref13\">[13]<\/a>. <em>ABC<\/em>, 13 de Mayo de 1975, <em>op. cit.<\/em><\/p>\n<p><a href=\"#_ftnref14\">[14]<\/a>. <em>ABC<\/em>, 17 de Octubre de 1975, \u00ab\u00a0Hassan Segundo ante la television marroqui\u00a0; El Rey Hassan Segundo convoca al pueblo marroqui a una espectacular marcha sobre la frontera del Sahara Occidental. Se calcula que mas de 350000 personas secundaran el llamamento del Monarca\u00a0\u00bb.<\/p>\n<p><a href=\"#_ftnref15\">[15]<\/a>. <em>ABC<\/em>, 17 de Octubre de 1975, <em>op. cit.<\/em><\/p>\n<p><a href=\"#_ftnref16\">[16]<\/a>. <em>Idem<\/em>.<\/p>\n<p><a href=\"#_ftnref17\">[17]<\/a>. <em>ABC<\/em>, 22 de Octubre de 1975.<\/p>\n<p><a href=\"#_ftnref18\">[18]<\/a>. <em>Idem<\/em>.<\/p>\n<p><a href=\"#_ftnref19\">[19]<\/a>. <em>ABC<\/em>, 12 de Noviembre de 1975, \u00ab\u00a0Ahmed Osman, Primer ministro marroqui en Madrid\u00a0\u00bb.<\/p>\n<p><a href=\"#_ftnref20\">[20]<\/a>. <em>ABC<\/em>, 12 de Noviembre de 1975, <em>op. cit<\/em>.<\/p>\n<p><a href=\"#_ftnref21\">[21]<\/a>. <em>Idem<\/em>.<\/p>\n<p><a href=\"#_ftnref22\">[22]<\/a>. <em>ABC<\/em>, 14 de Noviembre de 1975, \u00ab\u00a0Las conversaciones entre Espana, Marruecos y Mauritania, practicamente concluidas\u00a0\u00bb.<\/p>\n<p><a href=\"#_ftnref23\">[23]<\/a>. <em>ABC<\/em>, 23 de Octubre de 1975, \u00ab\u00a0Demanda de billetes de avion\u00a0\u00bb.<\/p>\n<p><a href=\"#_ftnref24\">[24]<\/a>. <em>Idem<\/em>.<\/p>\n<p><a href=\"#_ftnref25\">[25]<\/a>. <em>ABC<\/em>, 6 de Noviembre de 1975, \u00ab\u00a0Continua la evacuacion\u00a0\u00bb.<\/p>\n<p><a href=\"#_ftnref26\">[26]<\/a>. <em>ABC<\/em>, 6 de Noviembre de 1975, <em>op. cit<\/em>.<\/p>\n<p><a href=\"#_ftnref27\">[27]<\/a>. <em>ABC<\/em>, 29 de Febrero de 1976.<\/p>\n<p>Auteur: M&rsquo;hammed rahal<br \/>\n<a href=\"http:\/\/albayane.press.ma\/le-maroc-et-la-recuperation-du-sahara-a-travers-le-quotidien-espagnol-abc.html\">Cliquez ici pour lire l&rsquo;article depuis sa source.<\/a><\/p>\n","protected":false},"excerpt":{"rendered":"<p>Point de vue Par Youssef Akmir* Notre propos s\u2019articulera autour des deux axes suivants\u00a0: 1. Nous donnerons d\u2019abord un bref aper\u00e7u sur le quotidien ABC. Dans cette partie nous allons aborder le contexte historique dans lequel ABC a adopt\u00e9 une ligne \u00e9ditoriale sp\u00e9cifique fond\u00e9e sur des orientations id\u00e9ologiques conservatrices. 2. A travers l\u2019analyse d\u2019un ensemble [&hellip;]<\/p>\n","protected":false},"author":1760,"featured_media":104159,"comment_status":"closed","ping_status":"closed","sticky":false,"template":"","format":"standard","meta":{"fifu_image_url":"","fifu_image_alt":"","footnotes":""},"categories":[73,54],"tags":[],"class_list":["post-104158","post","type-post","status-publish","format-standard","has-post-thumbnail","hentry","category-actualite","category-maroc"],"_links":{"self":[{"href":"https:\/\/linitiative.ca\/International\/wp-json\/wp\/v2\/posts\/104158","targetHints":{"allow":["GET"]}}],"collection":[{"href":"https:\/\/linitiative.ca\/International\/wp-json\/wp\/v2\/posts"}],"about":[{"href":"https:\/\/linitiative.ca\/International\/wp-json\/wp\/v2\/types\/post"}],"author":[{"embeddable":true,"href":"https:\/\/linitiative.ca\/International\/wp-json\/wp\/v2\/users\/1760"}],"replies":[{"embeddable":true,"href":"https:\/\/linitiative.ca\/International\/wp-json\/wp\/v2\/comments?post=104158"}],"version-history":[{"count":0,"href":"https:\/\/linitiative.ca\/International\/wp-json\/wp\/v2\/posts\/104158\/revisions"}],"wp:featuredmedia":[{"embeddable":true,"href":"https:\/\/linitiative.ca\/International\/wp-json\/"}],"wp:attachment":[{"href":"https:\/\/linitiative.ca\/International\/wp-json\/wp\/v2\/media?parent=104158"}],"wp:term":[{"taxonomy":"category","embeddable":true,"href":"https:\/\/linitiative.ca\/International\/wp-json\/wp\/v2\/categories?post=104158"},{"taxonomy":"post_tag","embeddable":true,"href":"https:\/\/linitiative.ca\/International\/wp-json\/wp\/v2\/tags?post=104158"}],"curies":[{"name":"wp","href":"https:\/\/api.w.org\/{rel}","templated":true}]}}