{"id":104161,"date":"2020-11-09T08:30:00","date_gmt":"2020-11-09T13:30:00","guid":{"rendered":"https:\/\/linitiative.ca\/International\/huit-manifestants-places-sous-mandat-de-depot-a-draa-el-mizan\/"},"modified":"2020-11-09T08:30:00","modified_gmt":"2020-11-09T13:30:00","slug":"huit-manifestants-places-sous-mandat-de-depot-a-draa-el-mizan","status":"publish","type":"post","link":"https:\/\/linitiative.ca\/International\/huit-manifestants-places-sous-mandat-de-depot-a-draa-el-mizan\/","title":{"rendered":"Huit manifestants plac\u00e9s  sous mandat de d\u00e9p\u00f4t \u00e0 Dra\u00e2 El-Mizan"},"content":{"rendered":"<div id=\"originalText\" readability=\"63\">\n<p class=\"c6\">Huit manifestants arr\u00eat\u00e9s la veille du r\u00e9f\u00e9rendum du 1er novembre suite \u00e0 des \u00e9meutes qui ont eu lieu \u00e0 Boghni ont \u00e9t\u00e9 plac\u00e9s sous mandat de d\u00e9p\u00f4t, hier, en d\u00e9but de soir\u00e9e, par le juge d\u2019instruction pr\u00e8s le tribunal de Dr\u00e2a El Mizan.<\/p>\n<p class=\"c6\">Ces huit manifestants tous originaires d\u2019Ath Mendes sont\u00a0 poursuivis pour \u00ab destruction de biens publics \u00bb, \u00ab atteinte \u00e0 corps constitu\u00e9 \u00bb, \u00ab saccage de mobilier scolaire \u00bb et \u00ab coups et blessures sur agents de corps constitu\u00e9 \u00bb. Ils ont \u00e9t\u00e9 arr\u00eat\u00e9s au lendemain des \u00e9meutes qui avaient eu\u00a0 lieu dans la nuit du trente et un octobre au premier au centre de vote de l&rsquo;\u00e9cole primaire Fr\u00e8res Belarbi.<\/p>\n<p class=\"c6\">Devant le tribunal de Dr\u00e2a El Mizan, des centaines de villageois s\u2019\u00e9taient\u00a0 rassembl\u00e9s pour les soutenir et exiger leur lib\u00e9ration. Ils scandaient entre autres \u00ab lib\u00e9rez les d\u00e9tenus \u00bb, \u00ab dawla madania macci \u00e2skaria \u00bb, \u00ab ulac smah ulac \u00bb.\u00a0 Selon leurs avocats, la date de leur proc\u00e8s n&rsquo;a toujours pas \u00e9t\u00e9 fix\u00e9e.<\/p>\n<p class=\"c6\">A rappeler qu\u2019au tribunal de Tizi Ouzou, le proc\u00e8s des 13 manifestants arr\u00eat\u00e9s la veille et le jour du r\u00e9f\u00e9rendum, et dont cinq ont \u00e9t\u00e9 plac\u00e9s sous mandat de d\u00e9p\u00f4t, aura lieu aujourd\u2019hui, mardi.<\/p>\n<p class=\"c6\">\u00a0<\/p>\n<p class=\"c7\"><strong>O. Ghil\u00e8s pour R\u00e9daction Web\u00a0<\/strong><\/p>\n<\/div>\n<div id=\"text_core\" readability=\"63\">\n<p class=\"c6\">Huit manifestants arr\u00eat\u00e9s la veille du r\u00e9f\u00e9rendum du 1er novembre suite \u00e0 des \u00e9meutes qui ont eu lieu \u00e0 Boghni ont \u00e9t\u00e9 plac\u00e9s sous mandat de d\u00e9p\u00f4t, hier, en d\u00e9but de soir\u00e9e, par le juge d\u2019instruction pr\u00e8s le tribunal de Dr\u00e2a El Mizan.<\/p>\n<p class=\"c6\">Ces huit manifestants tous originaires d\u2019Ath Mendes sont\u00a0 poursuivis pour \u00ab destruction de biens publics \u00bb, \u00ab atteinte \u00e0 corps constitu\u00e9 \u00bb, \u00ab saccage de mobilier scolaire \u00bb et \u00ab coups et blessures sur agents de corps constitu\u00e9 \u00bb. Ils ont \u00e9t\u00e9 arr\u00eat\u00e9s au lendemain des \u00e9meutes qui avaient eu\u00a0 lieu dans la nuit du trente et un octobre au premier au centre de vote de l&rsquo;\u00e9cole primaire Fr\u00e8res Belarbi.<\/p>\n<p class=\"c6\">Devant le tribunal de Dr\u00e2a El Mizan, des centaines de villageois s\u2019\u00e9taient\u00a0 rassembl\u00e9s pour les soutenir et exiger leur lib\u00e9ration. Ils scandaient entre autres \u00ab lib\u00e9rez les d\u00e9tenus \u00bb, \u00ab dawla madania macci \u00e2skaria \u00bb, \u00ab ulac smah ulac \u00bb.\u00a0 Selon leurs avocats, la date de leur proc\u00e8s n&rsquo;a toujours pas \u00e9t\u00e9 fix\u00e9e.<\/p>\n<p class=\"c6\">A rappeler qu\u2019au tribunal de Tizi Ouzou, le proc\u00e8s des 13 manifestants arr\u00eat\u00e9s la veille et le jour du r\u00e9f\u00e9rendum, et dont cinq ont \u00e9t\u00e9 plac\u00e9s sous mandat de d\u00e9p\u00f4t, aura lieu aujourd\u2019hui, mardi.<\/p>\n<p class=\"c6\">\u00a0<\/p>\n<p class=\"c7\"><strong>O. Ghil\u00e8s pour R\u00e9daction Web\u00a0<\/strong><\/p>\n<\/div>\n<p>Auteur:<br \/>\n<a href=\"https:\/\/www.liberte-algerie.com\/actualite\/huit-manifestants-places-sous-mandat-de-depot-a-draa-el-mizan-348698\">Cliquez ici pour lire l&rsquo;article depuis sa source.<\/a><\/p>\n","protected":false},"excerpt":{"rendered":"<p>Huit manifestants arr\u00eat\u00e9s la veille du r\u00e9f\u00e9rendum du 1er novembre suite \u00e0 des \u00e9meutes qui ont eu lieu \u00e0 Boghni ont \u00e9t\u00e9 plac\u00e9s sous mandat de d\u00e9p\u00f4t, hier, en d\u00e9but de soir\u00e9e, par le juge d\u2019instruction pr\u00e8s le tribunal de Dr\u00e2a El Mizan. Ces huit manifestants tous originaires d\u2019Ath Mendes sont\u00a0 poursuivis pour \u00ab destruction [&hellip;]<\/p>\n","protected":false},"author":1742,"featured_media":0,"comment_status":"closed","ping_status":"closed","sticky":false,"template":"","format":"standard","meta":{"fifu_image_url":"","fifu_image_alt":"","footnotes":""},"categories":[73,53],"tags":[],"class_list":["post-104161","post","type-post","status-publish","format-standard","hentry","category-actualite","category-algerie"],"_links":{"self":[{"href":"https:\/\/linitiative.ca\/International\/wp-json\/wp\/v2\/posts\/104161","targetHints":{"allow":["GET"]}}],"collection":[{"href":"https:\/\/linitiative.ca\/International\/wp-json\/wp\/v2\/posts"}],"about":[{"href":"https:\/\/linitiative.ca\/International\/wp-json\/wp\/v2\/types\/post"}],"author":[{"embeddable":true,"href":"https:\/\/linitiative.ca\/International\/wp-json\/wp\/v2\/users\/1742"}],"replies":[{"embeddable":true,"href":"https:\/\/linitiative.ca\/International\/wp-json\/wp\/v2\/comments?post=104161"}],"version-history":[{"count":0,"href":"https:\/\/linitiative.ca\/International\/wp-json\/wp\/v2\/posts\/104161\/revisions"}],"wp:attachment":[{"href":"https:\/\/linitiative.ca\/International\/wp-json\/wp\/v2\/media?parent=104161"}],"wp:term":[{"taxonomy":"category","embeddable":true,"href":"https:\/\/linitiative.ca\/International\/wp-json\/wp\/v2\/categories?post=104161"},{"taxonomy":"post_tag","embeddable":true,"href":"https:\/\/linitiative.ca\/International\/wp-json\/wp\/v2\/tags?post=104161"}],"curies":[{"name":"wp","href":"https:\/\/api.w.org\/{rel}","templated":true}]}}