{"id":104164,"date":"2020-11-09T11:30:00","date_gmt":"2020-11-09T16:30:00","guid":{"rendered":"https:\/\/linitiative.ca\/International\/le-p-apw-de-bejaia-evoque-une-chasse-aux-maires\/"},"modified":"2020-11-09T11:30:00","modified_gmt":"2020-11-09T16:30:00","slug":"le-p-apw-de-bejaia-evoque-une-chasse-aux-maires","status":"publish","type":"post","link":"https:\/\/linitiative.ca\/International\/le-p-apw-de-bejaia-evoque-une-chasse-aux-maires\/","title":{"rendered":"Le P\/APW de B\u00e9ja\u00efa \u00e9voque une \u00ab chasse aux maires \u00bb"},"content":{"rendered":"<div id=\"originalText\" readability=\"90\">\n<p>La wilaya de B\u00e9ja\u00efa connait une v\u00e9ritable \u00ab\u00a0chasse aux maires\u00a0\u00bb \u00e0 en croire son pr\u00e9sident de l\u2019Assembl\u00e9e populaire (APW), Mehenni Haddadou, qui a \u00e9voqu\u00e9, ce lundi, dans une d\u00e9claration \u00e0 Libert\u00e9 Web, une \u00abcampagne de repr\u00e9sailles\u00a0\u00bb, n\u00e9e au lendemain des \u00e9lections pr\u00e9sidentielles du 12 d\u00e9cembre 2019, et qui s\u2019est \u00abaccentu\u00e9e\u00bb depuis le r\u00e9f\u00e9rendum sur la constitution du 1er novembre en cours, assure-t-il. La raison\u00a0: leur position vis-\u00e0-vis de ces deux scrutins, affirme notre interlocuteur.<\/p>\n<p>R\u00e9agissant ainsi \u00e0 la suspension du P\/APC de Tichy, Hamid A\u00efssani, par le wali de B\u00e9ja\u00efa, Mehenni Haddadou a fait savoir que quatre autres maires ont \u00e9t\u00e9 \u00e9galement suspendus. Il s\u2019agit des P\/APC de\u00a0 B\u00e9ja\u00efa\u00a0 (FFS), de Dra\u00e2 El-Ka\u00efd (ind\u00e9pendant), d\u2019Oued Ghir (MPA) et de Taourirt Ighil (FLN).<\/p>\n<p>A ceux-l\u00e0 s\u2019ajoutent, poursuit le P\/APW de B\u00e9ja\u00efa, les maires \u00abpouss\u00e9s \u00e0 la d\u00e9mission\u00bb. Il cite, entre autres, les P\/APC\u00a0 de Kherrata (FFS), de Ighil Ali (FFS), Sidi Ayad (FFS), Semaoun (FFS), Timezrit (FFS), Barbacha (PST), Tazmalt (ind\u00e9pendant). \u00a0Certains d\u2019entre eux \u00ab\u00a0subissent (notamment) des pressions pour des erreurs de gestion\u00a0\u00bb, ajoute Mehenni Haddadou, qui rappelle que son parti, le FFS, milite depuis longtemps pour la d\u00e9p\u00e9nalisation de l\u2019acte de gestion.<\/p>\n<p>Par ailleurs, et s\u2019agissant des actions que compte entreprendre l\u2019assembl\u00e9e populaire de la wilaya de B\u00e9ja\u00efa, apr\u00e8s la suspension du P\/APC de Tichy, notre interlocuteur a indiqu\u00e9 que \u00abnous allons faire recours \u00e0 toutes les voies l\u00e9gales pour r\u00e9habiliter notre maire dans ses droits\u00bb.<\/p>\n<p>Pour rappel,\u00a0 la f\u00e9d\u00e9ration du FFS de\u00a0 B\u00e9ja\u00efa, qui rendait public un communiqu\u00e9 ce matin, a consid\u00e9r\u00e9 que cette \u00abcabale administrative et judiciaire enclench\u00e9e \u00e0 l\u2019encontre de notre maire\u00a0constitue un acte d&rsquo;intimidation et le prix \u00e0 payer pour son engagement politique et son combat permanent contre la mafia locale\u00bb.<\/p>\n<p class=\"c6\"><strong>Mehdi Mehenni pour R\u00e9daction Web<\/strong><\/p>\n<\/div>\n<div id=\"text_core\" readability=\"90\">\n<p>La wilaya de B\u00e9ja\u00efa connait une v\u00e9ritable \u00ab\u00a0chasse aux maires\u00a0\u00bb \u00e0 en croire son pr\u00e9sident de l\u2019Assembl\u00e9e populaire (APW), Mehenni Haddadou, qui a \u00e9voqu\u00e9, ce lundi, dans une d\u00e9claration \u00e0 Libert\u00e9 Web, une \u00abcampagne de repr\u00e9sailles\u00a0\u00bb, n\u00e9e au lendemain des \u00e9lections pr\u00e9sidentielles du 12 d\u00e9cembre 2019, et qui s\u2019est \u00abaccentu\u00e9e\u00bb depuis le r\u00e9f\u00e9rendum sur la constitution du 1er novembre en cours, assure-t-il. La raison\u00a0: leur position vis-\u00e0-vis de ces deux scrutins, affirme notre interlocuteur.<\/p>\n<p>R\u00e9agissant ainsi \u00e0 la suspension du P\/APC de Tichy, Hamid A\u00efssani, par le wali de B\u00e9ja\u00efa, Mehenni Haddadou a fait savoir que quatre autres maires ont \u00e9t\u00e9 \u00e9galement suspendus. Il s\u2019agit des P\/APC de\u00a0 B\u00e9ja\u00efa\u00a0 (FFS), de Dra\u00e2 El-Ka\u00efd (ind\u00e9pendant), d\u2019Oued Ghir (MPA) et de Taourirt Ighil (FLN).<\/p>\n<p>A ceux-l\u00e0 s\u2019ajoutent, poursuit le P\/APW de B\u00e9ja\u00efa, les maires \u00abpouss\u00e9s \u00e0 la d\u00e9mission\u00bb. Il cite, entre autres, les P\/APC\u00a0 de Kherrata (FFS), de Ighil Ali (FFS), Sidi Ayad (FFS), Semaoun (FFS), Timezrit (FFS), Barbacha (PST), Tazmalt (ind\u00e9pendant). \u00a0Certains d\u2019entre eux \u00ab\u00a0subissent (notamment) des pressions pour des erreurs de gestion\u00a0\u00bb, ajoute Mehenni Haddadou, qui rappelle que son parti, le FFS, milite depuis longtemps pour la d\u00e9p\u00e9nalisation de l\u2019acte de gestion.<\/p>\n<p>Par ailleurs, et s\u2019agissant des actions que compte entreprendre l\u2019assembl\u00e9e populaire de la wilaya de B\u00e9ja\u00efa, apr\u00e8s la suspension du P\/APC de Tichy, notre interlocuteur a indiqu\u00e9 que \u00abnous allons faire recours \u00e0 toutes les voies l\u00e9gales pour r\u00e9habiliter notre maire dans ses droits\u00bb.<\/p>\n<p>Pour rappel,\u00a0 la f\u00e9d\u00e9ration du FFS de\u00a0 B\u00e9ja\u00efa, qui rendait public un communiqu\u00e9 ce matin, a consid\u00e9r\u00e9 que cette \u00abcabale administrative et judiciaire enclench\u00e9e \u00e0 l\u2019encontre de notre maire\u00a0constitue un acte d&rsquo;intimidation et le prix \u00e0 payer pour son engagement politique et son combat permanent contre la mafia locale\u00bb.<\/p>\n<p class=\"c6\"><strong>Mehdi Mehenni pour R\u00e9daction Web<\/strong><\/p>\n<\/div>\n<p>Auteur:<br \/>\n<a href=\"https:\/\/www.liberte-algerie.com\/actualite\/le-p-apw-de-bejaia-evoque-une-chasse-aux-maires-348701\">Cliquez ici pour lire l&rsquo;article depuis sa source.<\/a><\/p>\n","protected":false},"excerpt":{"rendered":"<p>La wilaya de B\u00e9ja\u00efa connait une v\u00e9ritable \u00ab\u00a0chasse aux maires\u00a0\u00bb \u00e0 en croire son pr\u00e9sident de l\u2019Assembl\u00e9e populaire (APW), Mehenni Haddadou, qui a \u00e9voqu\u00e9, ce lundi, dans une d\u00e9claration \u00e0 Libert\u00e9 Web, une \u00abcampagne de repr\u00e9sailles\u00a0\u00bb, n\u00e9e au lendemain des \u00e9lections pr\u00e9sidentielles du 12 d\u00e9cembre 2019, et qui s\u2019est \u00abaccentu\u00e9e\u00bb depuis le r\u00e9f\u00e9rendum sur la [&hellip;]<\/p>\n","protected":false},"author":1742,"featured_media":0,"comment_status":"closed","ping_status":"closed","sticky":false,"template":"","format":"standard","meta":{"fifu_image_url":"","fifu_image_alt":"","footnotes":""},"categories":[73,53],"tags":[],"class_list":["post-104164","post","type-post","status-publish","format-standard","hentry","category-actualite","category-algerie"],"_links":{"self":[{"href":"https:\/\/linitiative.ca\/International\/wp-json\/wp\/v2\/posts\/104164","targetHints":{"allow":["GET"]}}],"collection":[{"href":"https:\/\/linitiative.ca\/International\/wp-json\/wp\/v2\/posts"}],"about":[{"href":"https:\/\/linitiative.ca\/International\/wp-json\/wp\/v2\/types\/post"}],"author":[{"embeddable":true,"href":"https:\/\/linitiative.ca\/International\/wp-json\/wp\/v2\/users\/1742"}],"replies":[{"embeddable":true,"href":"https:\/\/linitiative.ca\/International\/wp-json\/wp\/v2\/comments?post=104164"}],"version-history":[{"count":0,"href":"https:\/\/linitiative.ca\/International\/wp-json\/wp\/v2\/posts\/104164\/revisions"}],"wp:attachment":[{"href":"https:\/\/linitiative.ca\/International\/wp-json\/wp\/v2\/media?parent=104164"}],"wp:term":[{"taxonomy":"category","embeddable":true,"href":"https:\/\/linitiative.ca\/International\/wp-json\/wp\/v2\/categories?post=104164"},{"taxonomy":"post_tag","embeddable":true,"href":"https:\/\/linitiative.ca\/International\/wp-json\/wp\/v2\/tags?post=104164"}],"curies":[{"name":"wp","href":"https:\/\/api.w.org\/{rel}","templated":true}]}}