{"id":104168,"date":"2020-11-09T09:27:38","date_gmt":"2020-11-09T14:27:38","guid":{"rendered":"https:\/\/linitiative.ca\/International\/chichaoua-celebre-le-45e-anniversaire-de-la-glorieuse-marche-verte\/"},"modified":"2020-11-09T09:27:38","modified_gmt":"2020-11-09T14:27:38","slug":"chichaoua-celebre-le-45e-anniversaire-de-la-glorieuse-marche-verte","status":"publish","type":"post","link":"https:\/\/linitiative.ca\/International\/chichaoua-celebre-le-45e-anniversaire-de-la-glorieuse-marche-verte\/","title":{"rendered":"Chichaoua c\u00e9l\u00e8bre le 45\u00e8 anniversaire de la glorieuse Marche Verte"},"content":{"rendered":"<div readability=\"34\">\n<p>Chichaoua- La province de Chichaoua a c\u00e9l\u00e9br\u00e9 le weekend dernier, le 45\u00e8 anniversaire de la glorieuse Marche Verte par l\u2019organisation de plusieurs activit\u00e9s.<\/p>\n<\/div>\n<div readability=\"79\">\n<p>Dans ce cadre, le gouverneur de la province Bouabid El Guerrab, qui \u00e9tait accompagn\u00e9 des autorit\u00e9s locales, des \u00e9lus et des chefs des services ext\u00e9rieurs, a pr\u00e9sid\u00e9 la c\u00e9r\u00e9monie d\u2019\u00e9coute du Discours prononc\u00e9 par Sa Majest\u00e9 le Roi Mohammed VI \u00e0 cette occasion, et ce dans le respect strict des mesures pr\u00e9ventives visant \u00e0 enrayer la propagation du nouveau coronavirus (Covid-19).<\/p>\n<p>L\u2019Espace historique de la R\u00e9sistance et de la lib\u00e9ration de\u00a0Chichaoua\u00a0a accueilli une s\u00e9rie d\u2019activit\u00e9s riches et vari\u00e9es, notamment l\u2019organisation d\u2019une exposition de photos traduisant la r\u00e9sistance et les liens solides entre le Tr\u00f4ne et le Peuple dans le combat pour l\u2019ind\u00e9pendance du Royaume et le parach\u00e8vement de son int\u00e9grit\u00e9 territoriale.<\/p>\n<p>Cette exposition vise aussi \u00e0 faire connaitre les publications du Haut Commissariat aux Anciens R\u00e9sistants et membres de l\u2019Arm\u00e9e de Lib\u00e9ration dans le domaine de la pr\u00e9servation de la m\u00e9moire nationale collective.<\/p>\n<p>Selon une allocution du Haut-commissariat prononc\u00e9e \u00e0 cette occasion, le 45\u00e8 anniversaire de la Marche Verte \u00ab\u00a0rev\u00eat, en plus de ses symboles historiques, une dimension socio\u00e9conomique qui implique la poursuite des politiques publiques visant \u00e0 renforcer les choix \u00e9conomiques qui r\u00e9pondent aux attentes et aspirations du peuple marocain\u00a0\u00bb.<\/p>\n<p>\u00ab\u00a0Cette dynamique de d\u00e9veloppement a \u00e9rig\u00e9 nos provinces du sud du Royaume en un chantier de projets d\u2019investissement prometteurs et int\u00e9gr\u00e9s de nature \u00e0 instaurer un nouveau mod\u00e8le de d\u00e9veloppement global, durable et inclusif dans tous les domaines et \u00e0 renforcer le chantier de la r\u00e9gionalisation avanc\u00e9e, que Sa Majest\u00e9 le Roi Mohammed VI a voulu une transition qualitative dans le processus de la d\u00e9mocratie territoriale\u00a0\u00bb, ajoute-t-on de m\u00eame source.<\/p>\n<p>Et de conclure que cette vision fera des provinces du sud du Royaume un mod\u00e8le r\u00e9ussi de la r\u00e9gionalisation avanc\u00e9e \u00e0 m\u00eame de leur attribuer de larges pr\u00e9rogatives et de renforcer la gestion d\u00e9mocratique de leurs affaires locales, dans le sillage de la cons\u00e9cration d\u00e9mocratique qui garantira leur rayonnement en tant que v\u00e9ritable p\u00f4le \u00e9conomique national et un trait d\u2019union entre le Royaume et son ancrage africain.<\/p>\n<p>La Marche verte, qui t\u00e9moigne de l\u2019ing\u00e9niosit\u00e9 de Feu Sa Majest\u00e9 Hassan II, refl\u00e8te les liens de communion et de symbiose profondes entre le glorieux Tr\u00f4ne Alaouite et le peuple marocain pour le parach\u00e8vement de l\u2019ind\u00e9pendance du Royaume et la r\u00e9alisation de son int\u00e9grit\u00e9 territoriale.<\/p>\n<\/div>\n<p>Auteur: Mohammed KOURSI<br \/>\n<a href=\"http:\/\/www.mapmarrakech.ma\/fr\/chichaoua-celebre-le-45e-anniversaire-de-la-glorieuse-marche-verte\/\">Cliquez ici pour lire l&rsquo;article depuis sa source.<\/a><\/p>\n","protected":false},"excerpt":{"rendered":"<p>Chichaoua- La province de Chichaoua a c\u00e9l\u00e9br\u00e9 le weekend dernier, le 45\u00e8 anniversaire de la glorieuse Marche Verte par l\u2019organisation de plusieurs activit\u00e9s. Dans ce cadre, le gouverneur de la province Bouabid El Guerrab, qui \u00e9tait accompagn\u00e9 des autorit\u00e9s locales, des \u00e9lus et des chefs des services ext\u00e9rieurs, a pr\u00e9sid\u00e9 la c\u00e9r\u00e9monie d\u2019\u00e9coute du Discours [&hellip;]<\/p>\n","protected":false},"author":1788,"featured_media":0,"comment_status":"closed","ping_status":"closed","sticky":false,"template":"","format":"standard","meta":{"fifu_image_url":"","fifu_image_alt":"","footnotes":""},"categories":[54,76],"tags":[],"class_list":["post-104168","post","type-post","status-publish","format-standard","hentry","category-maroc","category-regions"],"_links":{"self":[{"href":"https:\/\/linitiative.ca\/International\/wp-json\/wp\/v2\/posts\/104168","targetHints":{"allow":["GET"]}}],"collection":[{"href":"https:\/\/linitiative.ca\/International\/wp-json\/wp\/v2\/posts"}],"about":[{"href":"https:\/\/linitiative.ca\/International\/wp-json\/wp\/v2\/types\/post"}],"author":[{"embeddable":true,"href":"https:\/\/linitiative.ca\/International\/wp-json\/wp\/v2\/users\/1788"}],"replies":[{"embeddable":true,"href":"https:\/\/linitiative.ca\/International\/wp-json\/wp\/v2\/comments?post=104168"}],"version-history":[{"count":0,"href":"https:\/\/linitiative.ca\/International\/wp-json\/wp\/v2\/posts\/104168\/revisions"}],"wp:attachment":[{"href":"https:\/\/linitiative.ca\/International\/wp-json\/wp\/v2\/media?parent=104168"}],"wp:term":[{"taxonomy":"category","embeddable":true,"href":"https:\/\/linitiative.ca\/International\/wp-json\/wp\/v2\/categories?post=104168"},{"taxonomy":"post_tag","embeddable":true,"href":"https:\/\/linitiative.ca\/International\/wp-json\/wp\/v2\/tags?post=104168"}],"curies":[{"name":"wp","href":"https:\/\/api.w.org\/{rel}","templated":true}]}}