{"id":104169,"date":"2020-11-09T12:07:54","date_gmt":"2020-11-09T17:07:54","guid":{"rendered":"https:\/\/linitiative.ca\/International\/la-crdh-tient-sa-premiere-session-ordinaire\/"},"modified":"2020-11-09T12:07:54","modified_gmt":"2020-11-09T17:07:54","slug":"la-crdh-tient-sa-premiere-session-ordinaire","status":"publish","type":"post","link":"https:\/\/linitiative.ca\/International\/la-crdh-tient-sa-premiere-session-ordinaire\/","title":{"rendered":"La CRDH tient sa premi\u00e8re session ordinaire"},"content":{"rendered":"<div readability=\"39\">\n<p>Marrakech- La Commission R\u00e9gionale des Droits de l\u2019Homme (CRDH) de Marrakech-Safi a tenu, le weekend, sa premi\u00e8re session ordinaire, ax\u00e9e sur les principales orientations de la strat\u00e9gie du Conseil National des Droits de l\u2019Homme (CNDH) durant son actuel mandat, qui repose sur l\u2019effectivit\u00e9 des droits humains et leur rapport avec le d\u00e9veloppement dans son concept global.<\/p>\n<\/div>\n<div readability=\"79\">\n<p>La premi\u00e8re journ\u00e9e de cette r\u00e9union a \u00e9t\u00e9 marqu\u00e9e par la pr\u00e9sentation d\u2019expos\u00e9s par les membres de la Commission portant sur \u00ab\u00a0les \u00e9tapes et les objectifs\u00a0\u00bb, \u00e0 travers un rappel chronologique des questions relatives aux droits de l\u2019Homme au Maroc et les \u00e9tapes de leur \u00e9volution, des aspects les plus importants de la loi r\u00e9gissant le CNDH et la CRDH, notamment les dispositions relatives \u00e0 son mode de fonctionnement et la promotion de ses missions d\u00e9finies, a indiqu\u00e9 la Commission dans un communiqu\u00e9.<\/p>\n<p>Lesdits membres ont aussi pass\u00e9 en revue les articles et dispositions de la Charte d\u2019\u00e9thique du Conseil et de ses commissions r\u00e9gionales avant de proc\u00e9der \u00e0 la signature d\u2019une copie \u00e9crite, ainsi que les r\u00e9alisations accomplies durant le pr\u00e9c\u00e9dent mandat de la CRDH, tout en s\u2019arr\u00eatant sur les contraintes et les probl\u00e8mes ayant entrav\u00e9 le d\u00e9roulement de ses travaux, sur les principales questions qu\u2019elle a r\u00e9ussies \u00e0 traiter et sur sa contribution en tant que commission active \u00e0 la r\u00e9ussite d\u2019importantes \u00e9tapes de l\u2019action du CNDH.<\/p>\n<p>Selon la m\u00eame source, la rencontre a \u00e9t\u00e9 l\u2019occasion de mettre en avant les sp\u00e9cificit\u00e9s de la r\u00e9gion Marrakech-Safi en lien avec les champs d\u2019action de la Commission selon l\u2019approche des droits de l\u2019Homme et ce, \u00e0 travers la pr\u00e9sentation de la situation des droits humains dans les provinces de la r\u00e9gion, l\u2019identification des caract\u00e9ristiques de chaque province et la mise en place d\u2019une feuille de route d\u00e9finissant les priorit\u00e9s et les enjeux futurs.<\/p>\n<p>Lors de cette session, il a \u00e9t\u00e9 proc\u00e9d\u00e9, en outre, \u00e0 la formation des commissions permanentes, telles que la commission charg\u00e9e de l\u2019identification des violations des droits de l\u2019Homme et la protection de ces droits, celle charg\u00e9e de la promotion de la culture des droits humains et de la consolidation de l\u2019\u00e9difice d\u00e9mocratique, ainsi que la commission charg\u00e9e de l\u2019\u00e9valuation et du suivi de l\u2019effectivit\u00e9 des droits humains dans les politiques publiques.<\/p>\n<p>Quant \u00e0 la 2\u00e8me journ\u00e9e de cette r\u00e9union, elle a \u00e9t\u00e9 marqu\u00e9e par la participation des membres \u00e0 des ateliers interactifs des trois commissions permanentes, en pr\u00e9vision de la pr\u00e9sentation de leurs principales conclusions pr\u00e9liminaires, en vue de l\u2019\u00e9laboration d\u2019un plan d\u2019action pour les trois prochaines ann\u00e9es.<\/p>\n<p>Cette session ordinaire a \u00e9t\u00e9 couronn\u00e9e par la signature du document d\u2019actualisation de la convention de partenariat entre la CRDH et l\u2019Acad\u00e9mie r\u00e9gionale de l\u2019\u00e9ducation et de la formation de Marrakech-Safi, conclut le communiqu\u00e9.<\/p>\n<\/div>\n<p>Auteur: Mohammed KOURSI<br \/>\n<a href=\"http:\/\/www.mapmarrakech.ma\/fr\/la-crdh-tient-sa-premiere-session-ordinaire\/\">Cliquez ici pour lire l&rsquo;article depuis sa source.<\/a><\/p>\n","protected":false},"excerpt":{"rendered":"<p>Marrakech- La Commission R\u00e9gionale des Droits de l\u2019Homme (CRDH) de Marrakech-Safi a tenu, le weekend, sa premi\u00e8re session ordinaire, ax\u00e9e sur les principales orientations de la strat\u00e9gie du Conseil National des Droits de l\u2019Homme (CNDH) durant son actuel mandat, qui repose sur l\u2019effectivit\u00e9 des droits humains et leur rapport avec le d\u00e9veloppement dans son concept [&hellip;]<\/p>\n","protected":false},"author":1788,"featured_media":0,"comment_status":"closed","ping_status":"closed","sticky":false,"template":"","format":"standard","meta":{"fifu_image_url":"","fifu_image_alt":"","footnotes":""},"categories":[54,76],"tags":[],"class_list":["post-104169","post","type-post","status-publish","format-standard","hentry","category-maroc","category-regions"],"_links":{"self":[{"href":"https:\/\/linitiative.ca\/International\/wp-json\/wp\/v2\/posts\/104169","targetHints":{"allow":["GET"]}}],"collection":[{"href":"https:\/\/linitiative.ca\/International\/wp-json\/wp\/v2\/posts"}],"about":[{"href":"https:\/\/linitiative.ca\/International\/wp-json\/wp\/v2\/types\/post"}],"author":[{"embeddable":true,"href":"https:\/\/linitiative.ca\/International\/wp-json\/wp\/v2\/users\/1788"}],"replies":[{"embeddable":true,"href":"https:\/\/linitiative.ca\/International\/wp-json\/wp\/v2\/comments?post=104169"}],"version-history":[{"count":0,"href":"https:\/\/linitiative.ca\/International\/wp-json\/wp\/v2\/posts\/104169\/revisions"}],"wp:attachment":[{"href":"https:\/\/linitiative.ca\/International\/wp-json\/wp\/v2\/media?parent=104169"}],"wp:term":[{"taxonomy":"category","embeddable":true,"href":"https:\/\/linitiative.ca\/International\/wp-json\/wp\/v2\/categories?post=104169"},{"taxonomy":"post_tag","embeddable":true,"href":"https:\/\/linitiative.ca\/International\/wp-json\/wp\/v2\/tags?post=104169"}],"curies":[{"name":"wp","href":"https:\/\/api.w.org\/{rel}","templated":true}]}}