{"id":104174,"date":"2020-11-09T12:08:30","date_gmt":"2020-11-09T17:08:30","guid":{"rendered":"https:\/\/linitiative.ca\/International\/reconduction-du-confinement-les-anciennes-autorisations-de-circulation-remplacees\/"},"modified":"2020-11-09T12:08:30","modified_gmt":"2020-11-09T17:08:30","slug":"reconduction-du-confinement-les-anciennes-autorisations-de-circulation-remplacees","status":"publish","type":"post","link":"https:\/\/linitiative.ca\/International\/reconduction-du-confinement-les-anciennes-autorisations-de-circulation-remplacees\/","title":{"rendered":"Reconduction du confinement: les anciennes autorisations de circulation remplac\u00e9es"},"content":{"rendered":"<div readability=\"40\">\n<p><strong>ALGER- La wilaya d&rsquo;Alger a annonc\u00e9, lundi, l&rsquo;annulation des anciennes autorisations exceptionnelles de circulation d\u00e9livr\u00e9es auparavant par ses services au profit des institutions publiques et priv\u00e9es, et leur remplacement par \u00ab\u00a0un nouveau mod\u00e8le d&rsquo;autorisations\u00a0\u00bb, suite \u00e0 la reconduction de 15 jours suppl\u00e9mentaires du confinement partiel \u00e0 domicile, dans le cadre des mesures de gestion de la crise sanitaire du fait de la propagation du nouveau coronavirus.<\/strong><\/p>\n<\/div>\n<div readability=\"75.515423242468\">\n<p>Dans un communiqu\u00e9 publi\u00e9 sur sa page facebook, la wilaya d&rsquo;Alger a soulign\u00e9 qu'\u00a0\u00bbapr\u00e8s r\u00e9adaptation des horaires de confinement partiel \u00e0 domicile \u00e0 travers tout le territoire de la wilaya d&rsquo;Alger de 20:00 au lendemain \u00e0 05:00 pour une dur\u00e9e suppl\u00e9mentaire de 15 jours, \u00e0 partir du 10 novembre, \u00ab\u00a0le wali d&rsquo;Alger informe l&rsquo;ensemble des institutions publiques et priv\u00e9es, ainsi que les individus titulaires d&rsquo;une autorisation exceptionnelle de circulation aupr\u00e8s des services de la wilaya d&rsquo;Alger ou de ses circonscriptions administratives, de l&rsquo;annulation de ces autorisations qu&rsquo;il convient de remplacer par un nouveau mod\u00e8le\u00a0\u00bb.<\/p>\n<p>La m\u00eame source a rappel\u00e9 \u00e9galement \u00ab\u00a0la suspension du transport urbain collectif public et priv\u00e9 durant les week-ends sur tout Alger, avec maintien de l&rsquo;interdiction du transport collectif des personnes de et vers la wilaya d&rsquo;Alger\u00a0\u00bb, soulignant que \u00ab\u00a0tout contrevenant \u00e0 cette mesure sera passible des sanctions juridiques \u00e9nonc\u00e9es\u00a0\u00bb.<\/p>\n<blockquote readability=\"10\">\n<p><strong><em>\u00ab\u00a0Il sera proc\u00e9d\u00e9 \u00e0 la fermeture des march\u00e9s de vente de v\u00e9hicules d&rsquo;occasion au niveau de l&rsquo;ensemble du territoire de la wilaya d&rsquo;Alger. Quant aux march\u00e9s hebdomadaires, un programme de contr\u00f4le strict devra \u00eatre adopt\u00e9 par les services comp\u00e9tents afin de s&rsquo;enqu\u00e9rir du respect des gestes barri\u00e8res relatifs \u00e0 la pand\u00e9mie\u00a0\u00bb, note la source.<\/em><\/strong><\/p>\n<\/blockquote>\n<p>Il s&rsquo;agit \u00e9galement de \u00ab\u00a0la fermeture imm\u00e9diate de chaque march\u00e9 hebdomadaire ne respectant pas ces protocoles\u00a0\u00bb, ajoute le communiqu\u00e9.<\/p>\n<hr\/>\n<p>\u00a0Lire aussi:\u00a0<a href=\"http:\/\/www.aps.dz\/algerie\/112489-covid-19-readaptation-des-horaires-de-confinement-a-domicile-et-report-de-la-rentree-universitaire\">Covid-19: r\u00e9adaptation des horaires de\u00a0<span class=\"highlight\">confinement<\/span>\u00a0\u00e0 domicile et report de la rentr\u00e9e universitaire\u00a0<\/a><\/p>\n<hr\/>\n<p>\u00ab\u00a0Il a \u00e9t\u00e9 d\u00e9cid\u00e9, en outre, la fermeture de tous les jardins publics et les espaces de loisirs et de divertissement se trouvant dans la wilaya d&rsquo;Alger et la prolongation de la mesure interdisant toute forme de rassemblements d&rsquo;individus et familiaux, les mariages, les circoncisions, les r\u00e9ceptions et au niveau des cimeti\u00e8res, o\u00f9 des sanctions s\u00e9v\u00e8res devront \u00eatre prises \u00e0 l&rsquo;encontre des contrevenants\u00a0\u00bb, indique le communiqu\u00e9.<\/p>\n<blockquote readability=\"11\">\n<p><strong><em>Le wali d&rsquo;Alger a fait savoir, dans ce sens, qu&rsquo;il sera proc\u00e9d\u00e9 au renforcement du syst\u00e8me de contr\u00f4le du respect des protocoles sanitaires relatifs \u00e0 cette pand\u00e9mie et ce \u00e0 travers une s\u00e9rie de mesures y aff\u00e9rentes, notamment le renforcement du contr\u00f4le de l&rsquo;application du protocole sanitaire au niveau des mosqu\u00e9es et l&rsquo;imp\u00e9ratif pour les propri\u00e9taires de caf\u00e9t\u00e9ria et de restaurants de retirer les tables et les chaises \u00e0 l&rsquo;int\u00e9rieur et \u00e0 l&rsquo;ext\u00e9rieur des locaux\u00a0\u00bb.<\/em><\/strong><\/p>\n<\/blockquote>\n<p>Il s&rsquo;agit \u00e9galement du renforcement du contr\u00f4le des magasins et autres activit\u00e9s commerciales et de services afin de veiller au respect des gestes barri\u00e8res et la fermeture imm\u00e9diate des magasins ne respectant pas ces mesures, a poursuivi le m\u00eame responsable.<\/p>\n<\/div>\n<p>Auteur:<br \/>\n<a href=\"http:\/\/www.aps.dz\/regions\/112562-confinement-les-anciennes-autorisations-exceptionnelles-de-circulation-annulees-et-remplacees\">Cliquez ici pour lire l&rsquo;article depuis sa source.<\/a><\/p>\n","protected":false},"excerpt":{"rendered":"<p>ALGER- La wilaya d&rsquo;Alger a annonc\u00e9, lundi, l&rsquo;annulation des anciennes autorisations exceptionnelles de circulation d\u00e9livr\u00e9es auparavant par ses services au profit des institutions publiques et priv\u00e9es, et leur remplacement par \u00ab\u00a0un nouveau mod\u00e8le d&rsquo;autorisations\u00a0\u00bb, suite \u00e0 la reconduction de 15 jours suppl\u00e9mentaires du confinement partiel \u00e0 domicile, dans le cadre des mesures de gestion de [&hellip;]<\/p>\n","protected":false},"author":1790,"featured_media":0,"comment_status":"closed","ping_status":"closed","sticky":false,"template":"","format":"standard","meta":{"fifu_image_url":"","fifu_image_alt":"","footnotes":""},"categories":[53,76],"tags":[],"class_list":["post-104174","post","type-post","status-publish","format-standard","hentry","category-algerie","category-regions"],"_links":{"self":[{"href":"https:\/\/linitiative.ca\/International\/wp-json\/wp\/v2\/posts\/104174","targetHints":{"allow":["GET"]}}],"collection":[{"href":"https:\/\/linitiative.ca\/International\/wp-json\/wp\/v2\/posts"}],"about":[{"href":"https:\/\/linitiative.ca\/International\/wp-json\/wp\/v2\/types\/post"}],"author":[{"embeddable":true,"href":"https:\/\/linitiative.ca\/International\/wp-json\/wp\/v2\/users\/1790"}],"replies":[{"embeddable":true,"href":"https:\/\/linitiative.ca\/International\/wp-json\/wp\/v2\/comments?post=104174"}],"version-history":[{"count":0,"href":"https:\/\/linitiative.ca\/International\/wp-json\/wp\/v2\/posts\/104174\/revisions"}],"wp:attachment":[{"href":"https:\/\/linitiative.ca\/International\/wp-json\/wp\/v2\/media?parent=104174"}],"wp:term":[{"taxonomy":"category","embeddable":true,"href":"https:\/\/linitiative.ca\/International\/wp-json\/wp\/v2\/categories?post=104174"},{"taxonomy":"post_tag","embeddable":true,"href":"https:\/\/linitiative.ca\/International\/wp-json\/wp\/v2\/tags?post=104174"}],"curies":[{"name":"wp","href":"https:\/\/api.w.org\/{rel}","templated":true}]}}