{"id":104176,"date":"2020-11-09T05:44:23","date_gmt":"2020-11-09T10:44:23","guid":{"rendered":"https:\/\/linitiative.ca\/International\/la-crdh-de-loriental-tient-sa-premiere-reunion-ordinaire\/"},"modified":"2020-11-09T05:44:23","modified_gmt":"2020-11-09T10:44:23","slug":"la-crdh-de-loriental-tient-sa-premiere-reunion-ordinaire","status":"publish","type":"post","link":"https:\/\/linitiative.ca\/International\/la-crdh-de-loriental-tient-sa-premiere-reunion-ordinaire\/","title":{"rendered":"La CRDH de l\u2019Oriental tient sa premi\u00e8re r\u00e9union ordinaire"},"content":{"rendered":"<p><iframe loading=\"lazy\" width=\"1170\" height=\"658\" src=\"https:\/\/www.youtube.com\/embed\/9FO60CDDvIg?feature=oembed\" frameborder=\"0\" allow=\"accelerometer; autoplay; clipboard-write; encrypted-media; gyroscope; picture-in-picture\" allowfullscreen=\"\">[embedded content]<\/iframe><\/p>\n<div class=\"post-header-inner\">\n<div class=\"post-header-title\">\n<p>\n\t\t\t\t<span class=\"time\"><time class=\"post-published updated\" datetime=\"2020-11-09T11:44:23+00:00\"><b><b> 9 novembre 2020 <\/b> <\/b><\/time><\/span>\n\t\t\t<\/p>\n<\/p><\/div>\n<\/p><\/div>\n<div class=\"single-post-excerpt post-excerpt-bc\" readability=\"35\">\n<p>La Commission r\u00e9gionale des droits de l\u2019Homme (CRDH) de l\u2019Oriental a tenu, \u00e0 Oujda, sa premi\u00e8re r\u00e9union ordinaire depuis l\u2019installation officielle de ses membres en octobre dernier.<\/p>\n<\/div>\n<p>Auteur: Soufiane ELAHMAR<br \/>\n<a href=\"http:\/\/www.mapoujda.ma\/fr\/la-crdh-de-loriental-tient-sa-premiere-reunion-ordinaire-2\/\">Cliquez ici pour lire l&rsquo;article depuis sa source.<\/a><\/p>\n","protected":false},"excerpt":{"rendered":"<p>[embedded content] 9 novembre 2020 La Commission r\u00e9gionale des droits de l\u2019Homme (CRDH) de l\u2019Oriental a tenu, \u00e0 Oujda, sa premi\u00e8re r\u00e9union ordinaire depuis l\u2019installation officielle de ses membres en octobre dernier. Auteur: Soufiane ELAHMAR Cliquez ici pour lire l&rsquo;article depuis sa source.<\/p>\n","protected":false},"author":1788,"featured_media":0,"comment_status":"closed","ping_status":"closed","sticky":false,"template":"","format":"standard","meta":{"fifu_image_url":"","fifu_image_alt":"","footnotes":""},"categories":[54,76],"tags":[],"class_list":["post-104176","post","type-post","status-publish","format-standard","hentry","category-maroc","category-regions"],"_links":{"self":[{"href":"https:\/\/linitiative.ca\/International\/wp-json\/wp\/v2\/posts\/104176","targetHints":{"allow":["GET"]}}],"collection":[{"href":"https:\/\/linitiative.ca\/International\/wp-json\/wp\/v2\/posts"}],"about":[{"href":"https:\/\/linitiative.ca\/International\/wp-json\/wp\/v2\/types\/post"}],"author":[{"embeddable":true,"href":"https:\/\/linitiative.ca\/International\/wp-json\/wp\/v2\/users\/1788"}],"replies":[{"embeddable":true,"href":"https:\/\/linitiative.ca\/International\/wp-json\/wp\/v2\/comments?post=104176"}],"version-history":[{"count":0,"href":"https:\/\/linitiative.ca\/International\/wp-json\/wp\/v2\/posts\/104176\/revisions"}],"wp:attachment":[{"href":"https:\/\/linitiative.ca\/International\/wp-json\/wp\/v2\/media?parent=104176"}],"wp:term":[{"taxonomy":"category","embeddable":true,"href":"https:\/\/linitiative.ca\/International\/wp-json\/wp\/v2\/categories?post=104176"},{"taxonomy":"post_tag","embeddable":true,"href":"https:\/\/linitiative.ca\/International\/wp-json\/wp\/v2\/tags?post=104176"}],"curies":[{"name":"wp","href":"https:\/\/api.w.org\/{rel}","templated":true}]}}