{"id":104177,"date":"2020-11-09T14:53:18","date_gmt":"2020-11-09T19:53:18","guid":{"rendered":"https:\/\/linitiative.ca\/International\/proparco-des-subventions-pour-deux-acteurs-de-la-sante\/"},"modified":"2020-11-09T14:53:18","modified_gmt":"2020-11-09T19:53:18","slug":"proparco-des-subventions-pour-deux-acteurs-de-la-sante","status":"publish","type":"post","link":"https:\/\/linitiative.ca\/International\/proparco-des-subventions-pour-deux-acteurs-de-la-sante\/","title":{"rendered":"Proparco: Des subventions pour deux acteurs de la sant\u00e9"},"content":{"rendered":"<div class=\"body\">\n<div class=\"field field-name-body field-type-text-with-summary field-label-hidden\">\n<div class=\"field-items\" readability=\"7.5\">\n<div class=\"field-item even\" property=\"content:encoded\" readability=\"10\">\n<p class=\"rtejustify\">Proparco apporte son soutien \u00e0 deux importants acteurs de la sant\u00e9 au Maroc. Il s\u2019agit des groupes Oncologie et Diagnostic du Maroc (ODM) et Amanys Pharma. Ce soutien se fait \u00e0 travers des prises de participation dans le capital \u00e0 hauteur de 22 millions de dollars pour ODM depuis 2018 et de 12 millions de DH pour Amanys Pharma (ex-Saham Pharma) depuis avril dernier.<br \/>Les subventions accord\u00e9es ont pour objet le financement d\u2019\u00e9quipements de protection des employ\u00e9s et l\u2019am\u00e9lioration de l\u2019accueil des patients dans un contexte sanitaire d\u00e9grad\u00e9 par la pand\u00e9mie de covid-19.<br \/><em>M.A.B.<\/em><\/p>\n<\/div>\n<\/div>\n<\/div>\n<\/div>\n<div class=\"eco-conseil\">\n<div class=\"view view-eco-conseil-16 view-id-eco_conseil_16 view-display-id-cookies view-dom-id-bfc40d61fd5c7fcc0f5a4966f8a56d17\">\n<div class=\"view-content\">\n<div id=\"views-bootstrap-grid-1\" class=\"views-bootstrap-grid-plugin-style\">\n<div class=\"row\">\n<div class=\" col-xs-12 col-lg-4\">\n<div class=\"row\">\n<div class=\"col col-xs-12 col-lg-12\">\n<div class=\"field-content\"><a href=\"\/article\/1069301-sortie-du-tresor-sur-le-marche-domestique-justifiee-par-de-gros-besoins\"><img loading=\"lazy\" decoding=\"async\" class=\"img-responsive\" typeof=\"foaf:Image\" src=\"https:\/\/www.leconomiste.com\/sites\/default\/files\/eco7\/public\/styles\/800x400\/public\/default_images\/default_une.jpg?itok=4jZlgnIZ\" width=\"660\" height=\"330\" alt=\"\"\/><\/a><\/div>\n<\/div>\n<div class=\" title_suite_2 col col-xs-12 col-lg-12\"> <a href=\"\/article\/1069301-sortie-du-tresor-sur-le-marche-domestique-justifiee-par-de-gros-besoins\"\/><span class=\"field-content\">La sortie du Tr\u00e9sor sur le march\u00e9 domestique justifi\u00e9e par de gros besoins<\/span><\/div>\n<\/div>\n<\/div>\n<div class=\" col-xs-12 col-lg-4\">\n<div class=\"row\">\n<div class=\"col col-xs-12 col-lg-12\">\n<div class=\"field-content\"><a href=\"\/article\/1069300-importante-sortie-du-tresor-sur-le-marche-domestique\"><img loading=\"lazy\" decoding=\"async\" class=\"img-responsive\" typeof=\"foaf:Image\" src=\"https:\/\/www.leconomiste.com\/sites\/default\/files\/eco7\/public\/styles\/800x400\/public\/default_images\/default_une.jpg?itok=4jZlgnIZ\" width=\"660\" height=\"330\" alt=\"\"\/><\/a><\/div>\n<\/div>\n<div class=\" title_suite_2 col col-xs-12 col-lg-12\"> <a href=\"\/article\/1069300-importante-sortie-du-tresor-sur-le-marche-domestique\"\/><span class=\"field-content\">Importante sortie du Tr\u00e9sor sur le march\u00e9 domestique<\/span><\/div>\n<\/div>\n<\/div>\n<div class=\" col-xs-12 col-lg-4\">\n<div class=\"row\">\n<div class=\"col col-xs-12 col-lg-12\">\n<div class=\"field-content\"><a href=\"\/article\/1069297-le-soutien-de-bm-pour-le-transport-urbain\"><img loading=\"lazy\" decoding=\"async\" class=\"img-responsive\" typeof=\"foaf:Image\" src=\"https:\/\/www.leconomiste.com\/sites\/default\/files\/eco7\/public\/styles\/800x400\/public\/default_images\/default_une.jpg?itok=4jZlgnIZ\" width=\"660\" height=\"330\" alt=\"\"\/><\/a><\/div>\n<\/div>\n<div class=\" title_suite_2 col col-xs-12 col-lg-12\"> <a href=\"\/article\/1069297-le-soutien-de-bm-pour-le-transport-urbain\"\/><span class=\"field-content\">Le soutien de BM pour le transport urbain <\/span><\/div>\n<\/div>\n<\/div>\n<\/div>\n<\/div>\n<\/div>\n<\/div>\n<\/div>\n<p>Auteur: hlafriqi<br \/>\n<a href=\"https:\/\/www.leconomiste.com\/article\/1069298-proparco-des-subventions-pour-deux-acteurs-de-la-sante\">Cliquez ici pour lire l&rsquo;article depuis sa source.<\/a><\/p>\n","protected":false},"excerpt":{"rendered":"<p>Proparco apporte son soutien \u00e0 deux importants acteurs de la sant\u00e9 au Maroc. Il s\u2019agit des groupes Oncologie et Diagnostic du Maroc (ODM) et Amanys Pharma. Ce soutien se fait \u00e0 travers des prises de participation dans le capital \u00e0 hauteur de 22 millions de dollars pour ODM depuis 2018 et de 12 millions de [&hellip;]<\/p>\n","protected":false},"author":1763,"featured_media":0,"comment_status":"closed","ping_status":"closed","sticky":false,"template":"","format":"standard","meta":{"fifu_image_url":"","fifu_image_alt":"","footnotes":""},"categories":[78,54],"tags":[],"class_list":["post-104177","post","type-post","status-publish","format-standard","hentry","category-economie","category-maroc"],"_links":{"self":[{"href":"https:\/\/linitiative.ca\/International\/wp-json\/wp\/v2\/posts\/104177","targetHints":{"allow":["GET"]}}],"collection":[{"href":"https:\/\/linitiative.ca\/International\/wp-json\/wp\/v2\/posts"}],"about":[{"href":"https:\/\/linitiative.ca\/International\/wp-json\/wp\/v2\/types\/post"}],"author":[{"embeddable":true,"href":"https:\/\/linitiative.ca\/International\/wp-json\/wp\/v2\/users\/1763"}],"replies":[{"embeddable":true,"href":"https:\/\/linitiative.ca\/International\/wp-json\/wp\/v2\/comments?post=104177"}],"version-history":[{"count":0,"href":"https:\/\/linitiative.ca\/International\/wp-json\/wp\/v2\/posts\/104177\/revisions"}],"wp:attachment":[{"href":"https:\/\/linitiative.ca\/International\/wp-json\/wp\/v2\/media?parent=104177"}],"wp:term":[{"taxonomy":"category","embeddable":true,"href":"https:\/\/linitiative.ca\/International\/wp-json\/wp\/v2\/categories?post=104177"},{"taxonomy":"post_tag","embeddable":true,"href":"https:\/\/linitiative.ca\/International\/wp-json\/wp\/v2\/tags?post=104177"}],"curies":[{"name":"wp","href":"https:\/\/api.w.org\/{rel}","templated":true}]}}