{"id":104178,"date":"2020-11-09T14:53:21","date_gmt":"2020-11-09T19:53:21","guid":{"rendered":"https:\/\/linitiative.ca\/International\/importante-sortie-du-tresor-sur-le-marche-domestique\/"},"modified":"2020-11-09T14:53:21","modified_gmt":"2020-11-09T19:53:21","slug":"importante-sortie-du-tresor-sur-le-marche-domestique","status":"publish","type":"post","link":"https:\/\/linitiative.ca\/International\/importante-sortie-du-tresor-sur-le-marche-domestique\/","title":{"rendered":"Importante sortie du Tr\u00e9sor sur le march\u00e9 domestique"},"content":{"rendered":"<div class=\"body\">\n<div class=\"field field-name-body field-type-text-with-summary field-label-hidden\">\n<div class=\"field-items\" readability=\"10\">\n<div class=\"field-item even\" property=\"content:encoded\" readability=\"15\">\n<p class=\"rtejustify\">Grosse lev\u00e9e du Tr\u00e9sor sur le domestique. Un montant de pr\u00e8s de 4,5 milliards de DH a \u00e9t\u00e9 desservi lors de l\u2019op\u00e9ration d\u2019\u00e9mission de bons par adjudication du 3 novembre. La demande des investisseurs a, une fois n\u2019est coutume, \u00e9t\u00e9 assouvie quasiment pour sa totalit\u00e9 puisqu\u2019elle \u00e9tait de 4,9 milliards de DH. Cette sortie a principalement port\u00e9 sur des maturit\u00e9s courtes (13 semaines, 52 semaines et 2 ans). Les bons souscrits seront r\u00e9gl\u00e9s le 9 novembre.<br \/><em>M.A.B. <\/em><\/p>\n<\/div>\n<\/div>\n<\/div>\n<\/div>\n<div class=\"eco-conseil\">\n<div class=\"view view-eco-conseil-16 view-id-eco_conseil_16 view-display-id-cookies view-dom-id-c938545435f6c7e100fa85fd4e23f2e0\">\n<div class=\"view-content\">\n<div id=\"views-bootstrap-grid-1\" class=\"views-bootstrap-grid-plugin-style\">\n<div class=\"row\">\n<div class=\" col-xs-12 col-lg-4\">\n<div class=\"row\">\n<div class=\"col col-xs-12 col-lg-12\">\n<div class=\"field-content\"><a href=\"\/article\/1069301-sortie-du-tresor-sur-le-marche-domestique-justifiee-par-de-gros-besoins\"><img loading=\"lazy\" decoding=\"async\" class=\"img-responsive\" typeof=\"foaf:Image\" src=\"https:\/\/www.leconomiste.com\/sites\/default\/files\/eco7\/public\/styles\/800x400\/public\/default_images\/default_une.jpg?itok=4jZlgnIZ\" width=\"660\" height=\"330\" alt=\"\"\/><\/a><\/div>\n<\/div>\n<div class=\" title_suite_2 col col-xs-12 col-lg-12\"> <a href=\"\/article\/1069301-sortie-du-tresor-sur-le-marche-domestique-justifiee-par-de-gros-besoins\"\/><span class=\"field-content\">La sortie du Tr\u00e9sor sur le march\u00e9 domestique justifi\u00e9e par de gros besoins<\/span><\/div>\n<\/div>\n<\/div>\n<div class=\" col-xs-12 col-lg-4\">\n<div class=\"row\">\n<div class=\"col col-xs-12 col-lg-12\">\n<div class=\"field-content\"><a href=\"\/article\/1069298-proparco-des-subventions-pour-deux-acteurs-de-la-sante\"><img loading=\"lazy\" decoding=\"async\" class=\"img-responsive\" typeof=\"foaf:Image\" src=\"https:\/\/www.leconomiste.com\/sites\/default\/files\/eco7\/public\/styles\/800x400\/public\/default_images\/default_une.jpg?itok=4jZlgnIZ\" width=\"660\" height=\"330\" alt=\"\"\/><\/a><\/div>\n<\/div>\n<div class=\" title_suite_2 col col-xs-12 col-lg-12\"> <a href=\"\/article\/1069298-proparco-des-subventions-pour-deux-acteurs-de-la-sante\"\/><span class=\"field-content\">Proparco: Des subventions pour deux acteurs de la sant\u00e9<\/span><\/div>\n<\/div>\n<\/div>\n<div class=\" col-xs-12 col-lg-4\">\n<div class=\"row\">\n<div class=\"col col-xs-12 col-lg-12\">\n<div class=\"field-content\"><a href=\"\/article\/1069297-le-soutien-de-bm-pour-le-transport-urbain\"><img loading=\"lazy\" decoding=\"async\" class=\"img-responsive\" typeof=\"foaf:Image\" src=\"https:\/\/www.leconomiste.com\/sites\/default\/files\/eco7\/public\/styles\/800x400\/public\/default_images\/default_une.jpg?itok=4jZlgnIZ\" width=\"660\" height=\"330\" alt=\"\"\/><\/a><\/div>\n<\/div>\n<div class=\" title_suite_2 col col-xs-12 col-lg-12\"> <a href=\"\/article\/1069297-le-soutien-de-bm-pour-le-transport-urbain\"\/><span class=\"field-content\">Le soutien de BM pour le transport urbain <\/span><\/div>\n<\/div>\n<\/div>\n<\/div>\n<\/div>\n<\/div>\n<\/div>\n<\/div>\n<p>Auteur: hlafriqi<br \/>\n<a href=\"https:\/\/www.leconomiste.com\/article\/1069300-importante-sortie-du-tresor-sur-le-marche-domestique\">Cliquez ici pour lire l&rsquo;article depuis sa source.<\/a><\/p>\n","protected":false},"excerpt":{"rendered":"<p>Grosse lev\u00e9e du Tr\u00e9sor sur le domestique. Un montant de pr\u00e8s de 4,5 milliards de DH a \u00e9t\u00e9 desservi lors de l\u2019op\u00e9ration d\u2019\u00e9mission de bons par adjudication du 3 novembre. La demande des investisseurs a, une fois n\u2019est coutume, \u00e9t\u00e9 assouvie quasiment pour sa totalit\u00e9 puisqu\u2019elle \u00e9tait de 4,9 milliards de DH. Cette sortie a [&hellip;]<\/p>\n","protected":false},"author":1763,"featured_media":0,"comment_status":"closed","ping_status":"closed","sticky":false,"template":"","format":"standard","meta":{"fifu_image_url":"","fifu_image_alt":"","footnotes":""},"categories":[78,54],"tags":[],"class_list":["post-104178","post","type-post","status-publish","format-standard","hentry","category-economie","category-maroc"],"_links":{"self":[{"href":"https:\/\/linitiative.ca\/International\/wp-json\/wp\/v2\/posts\/104178","targetHints":{"allow":["GET"]}}],"collection":[{"href":"https:\/\/linitiative.ca\/International\/wp-json\/wp\/v2\/posts"}],"about":[{"href":"https:\/\/linitiative.ca\/International\/wp-json\/wp\/v2\/types\/post"}],"author":[{"embeddable":true,"href":"https:\/\/linitiative.ca\/International\/wp-json\/wp\/v2\/users\/1763"}],"replies":[{"embeddable":true,"href":"https:\/\/linitiative.ca\/International\/wp-json\/wp\/v2\/comments?post=104178"}],"version-history":[{"count":0,"href":"https:\/\/linitiative.ca\/International\/wp-json\/wp\/v2\/posts\/104178\/revisions"}],"wp:attachment":[{"href":"https:\/\/linitiative.ca\/International\/wp-json\/wp\/v2\/media?parent=104178"}],"wp:term":[{"taxonomy":"category","embeddable":true,"href":"https:\/\/linitiative.ca\/International\/wp-json\/wp\/v2\/categories?post=104178"},{"taxonomy":"post_tag","embeddable":true,"href":"https:\/\/linitiative.ca\/International\/wp-json\/wp\/v2\/tags?post=104178"}],"curies":[{"name":"wp","href":"https:\/\/api.w.org\/{rel}","templated":true}]}}