{"id":104179,"date":"2020-11-09T14:53:23","date_gmt":"2020-11-09T19:53:23","guid":{"rendered":"https:\/\/linitiative.ca\/International\/la-sortie-du-tresor-sur-le-marche-domestique-justifiee-par-de-gros-besoins\/"},"modified":"2020-11-09T14:53:23","modified_gmt":"2020-11-09T19:53:23","slug":"la-sortie-du-tresor-sur-le-marche-domestique-justifiee-par-de-gros-besoins","status":"publish","type":"post","link":"https:\/\/linitiative.ca\/International\/la-sortie-du-tresor-sur-le-marche-domestique-justifiee-par-de-gros-besoins\/","title":{"rendered":"La sortie du Tr\u00e9sor sur le march\u00e9 domestique justifi\u00e9e par de gros besoins"},"content":{"rendered":"<div class=\"body\">\n<div class=\"field field-name-body field-type-text-with-summary field-label-hidden\">\n<div class=\"field-items\" readability=\"8\">\n<div class=\"field-item even\" property=\"content:encoded\" readability=\"11\">\n<p class=\"rtejustify\">L\u2019importance de cette lev\u00e9e est justifi\u00e9e par l\u2019ampleur des besoins pr\u00e9visionnels du Tr\u00e9sor pour le mois de novembre. En effet, le recours au march\u00e9 des adjudications des valeurs du Tr\u00e9sor portera sur un montant se situant entre 15 et 15,5 milliards de DH.<\/p>\n<\/div>\n<\/div>\n<\/div>\n<\/div>\n<div class=\"eco-conseil\">\n<div class=\"view view-eco-conseil-16 view-id-eco_conseil_16 view-display-id-cookies view-dom-id-633be35be6be0d8333cdfed07fd5ecde\">\n<div class=\"view-content\">\n<div id=\"views-bootstrap-grid-1\" class=\"views-bootstrap-grid-plugin-style\">\n<div class=\"row\">\n<div class=\" col-xs-12 col-lg-4\">\n<div class=\"row\">\n<div class=\"col col-xs-12 col-lg-12\">\n<div class=\"field-content\"><a href=\"\/article\/1069300-importante-sortie-du-tresor-sur-le-marche-domestique\"><img loading=\"lazy\" decoding=\"async\" class=\"img-responsive\" typeof=\"foaf:Image\" src=\"https:\/\/www.leconomiste.com\/sites\/default\/files\/eco7\/public\/styles\/800x400\/public\/default_images\/default_une.jpg?itok=4jZlgnIZ\" width=\"660\" height=\"330\" alt=\"\"\/><\/a><\/div>\n<\/div>\n<div class=\" title_suite_2 col col-xs-12 col-lg-12\"> <a href=\"\/article\/1069300-importante-sortie-du-tresor-sur-le-marche-domestique\"\/><span class=\"field-content\">Importante sortie du Tr\u00e9sor sur le march\u00e9 domestique<\/span><\/div>\n<\/div>\n<\/div>\n<div class=\" col-xs-12 col-lg-4\">\n<div class=\"row\">\n<div class=\"col col-xs-12 col-lg-12\">\n<div class=\"field-content\"><a href=\"\/article\/1069298-proparco-des-subventions-pour-deux-acteurs-de-la-sante\"><img loading=\"lazy\" decoding=\"async\" class=\"img-responsive\" typeof=\"foaf:Image\" src=\"https:\/\/www.leconomiste.com\/sites\/default\/files\/eco7\/public\/styles\/800x400\/public\/default_images\/default_une.jpg?itok=4jZlgnIZ\" width=\"660\" height=\"330\" alt=\"\"\/><\/a><\/div>\n<\/div>\n<div class=\" title_suite_2 col col-xs-12 col-lg-12\"> <a href=\"\/article\/1069298-proparco-des-subventions-pour-deux-acteurs-de-la-sante\"\/><span class=\"field-content\">Proparco: Des subventions pour deux acteurs de la sant\u00e9<\/span><\/div>\n<\/div>\n<\/div>\n<div class=\" col-xs-12 col-lg-4\">\n<div class=\"row\">\n<div class=\"col col-xs-12 col-lg-12\">\n<div class=\"field-content\"><a href=\"\/article\/1069297-le-soutien-de-bm-pour-le-transport-urbain\"><img loading=\"lazy\" decoding=\"async\" class=\"img-responsive\" typeof=\"foaf:Image\" src=\"https:\/\/www.leconomiste.com\/sites\/default\/files\/eco7\/public\/styles\/800x400\/public\/default_images\/default_une.jpg?itok=4jZlgnIZ\" width=\"660\" height=\"330\" alt=\"\"\/><\/a><\/div>\n<\/div>\n<div class=\" title_suite_2 col col-xs-12 col-lg-12\"> <a href=\"\/article\/1069297-le-soutien-de-bm-pour-le-transport-urbain\"\/><span class=\"field-content\">Le soutien de BM pour le transport urbain <\/span><\/div>\n<\/div>\n<\/div>\n<\/div>\n<\/div>\n<\/div>\n<\/div>\n<\/div>\n<p>Auteur: hlafriqi<br \/>\n<a href=\"https:\/\/www.leconomiste.com\/article\/1069301-sortie-du-tresor-sur-le-marche-domestique-justifiee-par-de-gros-besoins\">Cliquez ici pour lire l&rsquo;article depuis sa source.<\/a><\/p>\n","protected":false},"excerpt":{"rendered":"<p>L\u2019importance de cette lev\u00e9e est justifi\u00e9e par l\u2019ampleur des besoins pr\u00e9visionnels du Tr\u00e9sor pour le mois de novembre. En effet, le recours au march\u00e9 des adjudications des valeurs du Tr\u00e9sor portera sur un montant se situant entre 15 et 15,5 milliards de DH. Importante sortie du Tr\u00e9sor sur le march\u00e9 domestique Proparco: Des subventions pour [&hellip;]<\/p>\n","protected":false},"author":1763,"featured_media":0,"comment_status":"closed","ping_status":"closed","sticky":false,"template":"","format":"standard","meta":{"fifu_image_url":"","fifu_image_alt":"","footnotes":""},"categories":[78,54],"tags":[],"class_list":["post-104179","post","type-post","status-publish","format-standard","hentry","category-economie","category-maroc"],"_links":{"self":[{"href":"https:\/\/linitiative.ca\/International\/wp-json\/wp\/v2\/posts\/104179","targetHints":{"allow":["GET"]}}],"collection":[{"href":"https:\/\/linitiative.ca\/International\/wp-json\/wp\/v2\/posts"}],"about":[{"href":"https:\/\/linitiative.ca\/International\/wp-json\/wp\/v2\/types\/post"}],"author":[{"embeddable":true,"href":"https:\/\/linitiative.ca\/International\/wp-json\/wp\/v2\/users\/1763"}],"replies":[{"embeddable":true,"href":"https:\/\/linitiative.ca\/International\/wp-json\/wp\/v2\/comments?post=104179"}],"version-history":[{"count":0,"href":"https:\/\/linitiative.ca\/International\/wp-json\/wp\/v2\/posts\/104179\/revisions"}],"wp:attachment":[{"href":"https:\/\/linitiative.ca\/International\/wp-json\/wp\/v2\/media?parent=104179"}],"wp:term":[{"taxonomy":"category","embeddable":true,"href":"https:\/\/linitiative.ca\/International\/wp-json\/wp\/v2\/categories?post=104179"},{"taxonomy":"post_tag","embeddable":true,"href":"https:\/\/linitiative.ca\/International\/wp-json\/wp\/v2\/tags?post=104179"}],"curies":[{"name":"wp","href":"https:\/\/api.w.org\/{rel}","templated":true}]}}