{"id":104184,"date":"2020-11-09T11:00:00","date_gmt":"2020-11-09T16:00:00","guid":{"rendered":"https:\/\/linitiative.ca\/International\/habib-ammar-reprise-progressive-de-la-vie-culturelle-envisageable-a-partir-de-la-mi-novembre\/"},"modified":"2020-11-09T11:00:00","modified_gmt":"2020-11-09T16:00:00","slug":"habib-ammar-reprise-progressive-de-la-vie-culturelle-envisageable-a-partir-de-la-mi-novembre","status":"publish","type":"post","link":"https:\/\/linitiative.ca\/International\/habib-ammar-reprise-progressive-de-la-vie-culturelle-envisageable-a-partir-de-la-mi-novembre\/","title":{"rendered":"Habib Ammar : \u00abReprise progressive de la vie culturelle envisageable \u00e0 partir de la mi-novembre\u00bb"},"content":{"rendered":"<p class=\"p1 c4\"><span class=\"c3\"><span class=\"c2\"><strong>Le Temps &#8211; TAP<span class=\"Apple-converted-space\">\u00a0<\/span><\/strong><\/span><\/span><\/p>\n<p class=\"p1 c4\"><span class=\"c3\"><span class=\"c2\"><strong>Le ministre des Affaires Culturelles par int\u00e9rim, Habib Ammar, a d\u00e9clar\u00e9, vendredi, que la reprise des activit\u00e9s culturelles et artistiques est envisageable \u00e0 partir de la mi-novembre, de fa\u00e7on progressive.<\/strong><\/span><\/span><\/p>\n<p class=\"p1 c5\"><span class=\"c3\"><span class=\"c2\"><span class=\"Apple-converted-space\">\u00a0<\/span>La d\u00e9cision finale d\u00e9pendra de l&rsquo;avis du Comit\u00e9 scientifique de lutte contre la Covid-19, a fait savoir le ministre disant qu&rsquo;un projet de protocole sanitaire est actuellement \u00e0 l&rsquo;\u00e9tude. Des protocoles sp\u00e9cifiques seront mis en place pour chaque secteur d&rsquo;activit\u00e9 culturelle.<\/span><\/span><\/p>\n<p class=\"p1 c5\"><span class=\"c3\"><span class=\"c2\">Le ministre s&rsquo;exprimait au cours d&rsquo;une s\u00e9ance pl\u00e9ni\u00e8re tenue, au si\u00e8ge de l&rsquo;Assembl\u00e9e des Repr\u00e9sentants du Peuple (ARP) au Bardo consacr\u00e9e \u00e0 l&rsquo;examen de l&rsquo;\u00e9volution de la situation sanitaire dans le pays.<\/span><\/span><\/p>\n<p class=\"p1 c5\"><span class=\"c3\"><span class=\"c2\">Les questions des d\u00e9put\u00e9s ont \u00e9t\u00e9 ax\u00e9es autour des activit\u00e9s et manifestations culturelles suspendues \u00e0 cause de la pand\u00e9mie, les moyens de soutenir les artistes et les modalit\u00e9s d&rsquo;application du protocole sanitaire apr\u00e8s la reprise.<\/span><\/span><\/p>\n<p class=\"p1 c5\"><span class=\"c3\"><span class=\"c2\">Le ministre a indiqu\u00e9 qu&rsquo;\u00e0 la lumi\u00e8re des r\u00e9percussions des restrictions sur le secteur culturel qui sont dict\u00e9es par l&rsquo;\u00e9volution de la situation sanitaire dans le pays, \u00a0\u00bb tous les acteurs du secteur ont \u00e9t\u00e9 largement touch\u00e9s par la crise \u00ab\u00a0.<\/span><\/span><\/p>\n<p class=\"p1 c5\"><span class=\"c3\"><span class=\"c2\">Des discussions sont en cours avec le minist\u00e8re des Finances et celui de la fonction publique en vue de r\u00e9gulariser la situation de certaines cat\u00e9gories, a-t-il dit, tout en expliquant que les emplois vuln\u00e9rables touchent pr\u00e8s de 1281 personnes dont 431 dipl\u00f4m\u00e9s de l&rsquo;Institut sup\u00e9rieur de l&rsquo;Animation pour la Jeunesse et la Culture (ISAJC), Bir el Bey.<\/span><\/span><\/p>\n<p class=\"p1 c5\"><span class=\"c3\"><span class=\"c2\">Il a aussi parl\u00e9 de certains projets \u00e9voqu\u00e9s par les d\u00e9put\u00e9s, comme le mus\u00e9e de la r\u00e9volution \u00e0 Sidi Bouzid dont les travaux seront entam\u00e9s au cours du troisi\u00e8me trimestre de 2021. Ceux de la biblioth\u00e8que num\u00e9rique \u00e0 Sfax ont \u00e9t\u00e9 suspendus. Le contrat a \u00e9t\u00e9 rompu car le promoteur en charge du projet n&rsquo;a pas honor\u00e9 ses engagements envers l&rsquo;Etat.<\/span><\/span><\/p>\n<p class=\"p1 c5\"><span class=\"c3\"><span class=\"c2\">Habib Ammar a parl\u00e9 de la condition actuelle d&rsquo;un grand nombre d&rsquo;intellectuels et cr\u00e9ateurs tunisiens en situation professionnelle vuln\u00e9rable. Il a estim\u00e9 que \u00a0\u00bb la Culture est un secteur important et qui devra avoir davantage d&rsquo;importance dans le futur, afin d&rsquo;en faire un secteur strat\u00e9gique dans le pays\u00a0\u00bb.<\/span><\/span><\/p>\n<p class=\"p1 c5\"><span class=\"c3\"><span class=\"c2\">Evoquant les interrogations des d\u00e9put\u00e9s sur les aides du Fonds Relance Culture (FRC), Habib Ammar a expliqu\u00e9 que le nombre des demandes parvenues au FRC a d\u00e9pass\u00e9 les ressources disponibles qui \u00e9taient de l&rsquo;ordre de 2,150 millions de dinars. \u00a0\u00bb Plusieurs banques et groupements \u00e9conomiques ont contribu\u00e9 au financement de ce fonds, ce qui permettra de distribuer d&rsquo;autres aides suppl\u00e9mentaires dans un futur proche \u00ab\u00a0, a-t-il promis.<\/span><\/span><\/p>\n<p class=\"p1 c5\"><span class=\"c3\"><span class=\"c2\">Le ministre rappelle que le FRC n&rsquo;est pas l&rsquo;unique m\u00e9canisme d&rsquo;aide en faveur des professionnels du secteur. Cr\u00e9\u00e9 avec le d\u00e9but du confinement en mars dernier, le FRC est d\u00e9di\u00e9 aux professionnels et institutions actives dans le secteur culturel et artistique.<\/span><\/span><\/p>\n<p class=\"p1 c5\"><span class=\"c3\"><span class=\"c2\">Habib Ammar indique que dans le cadre du programme d&rsquo;aides exceptionnelles, le nombre de b\u00e9n\u00e9ficiaires a atteint cette ann\u00e9e les 2505. Il a encore rappel\u00e9 les r\u00e9centes mesures en faveur du secteur. Un budget de 6 millions de dinars a \u00e9t\u00e9 d\u00e9cid\u00e9 cette semaine au profit de ce programme qui \u00e9tait initialement dot\u00e9 de 1,6 million de dinars et a connu une \u00e9volution qui avoisine les 4,8 millions de dinars, selon le ministre.<\/span><\/span><\/p>\n<p class=\"p1 c5\"><span class=\"c3\"><span class=\"c2\">Le soutien public au secteur ne devra pas se poursuivre dans sa formule actuelle, a encore dit le ministre, avec un pourcentage qui avoisine les 100 pc. Avec un budget limit\u00e9 r\u00e9serv\u00e9 \u00e0 la Culture, il n&rsquo;est pas \u00e9vident de pouvoir offrir un produit culturel de qualit\u00e9 qui r\u00e9pond aux attentes et exigences du public. Il appelle \u00e0 trouver d&rsquo;autres possibilit\u00e9s de financements selon une vision bien sp\u00e9cifique.<\/span><\/span><\/p>\n<p class=\"p1 c5\"><span class=\"c3\"><span class=\"c2\">Le ministre de la culture par int\u00e9rim est pour une refonte du secteur. \u00a0\u00bb Le mod\u00e8le traditionnel de la Culture en Tunisie, malgr\u00e9 ses avantages, conna\u00eet aujourd&rsquo;hui, \u00e0 son avis, certaines faiblesses qu&rsquo;il est utile de discuter dans le cadre d&rsquo;un dialogue national\u00a0\u00bb.<\/span><\/span><\/p>\n<p class=\"p1 c5\"><span class=\"c3\"><span class=\"c2\">Il pr\u00e9conise \u00a0\u00bb la mise en place d&rsquo;une strat\u00e9gie nationale et r\u00e9gionale dans laquelle sera d\u00e9sign\u00e9e la d\u00e9finition de la Culture, la nature de la Culture souhait\u00e9e et notamment les moyens de son financement \u00ab\u00a0.<\/span><\/span><\/p>\n<p class=\"p1 c5\"><span class=\"c3\"><span class=\"c2\">Il est important d'\u00a0\u00bbentamer une consultation nationale sur le secteur de la Culture et la promotion des activit\u00e9s culturelles \u00ab\u00a0, a expliqu\u00e9 le ministre. Son diagnostic du secteur va vers la mise en place d&rsquo;un nouveau pacte qui devra r\u00e9gir le partenariat public-priv\u00e9. Car m\u00eame si le budget actuel conna\u00eetra une \u00e9volution, au double ou au triple, il ne sera pas en mesure de rem\u00e9dier aux lacunes dans le secteur.<\/span><\/span><\/p>\n<p class=\"p1 c5\"><span class=\"c3\"><span class=\"c2\">Il a \u00e9voqu\u00e9 les maisons de culture d\u00e9laiss\u00e9es, les sites historiques mal entretenus ce qui t\u00e9moigne, en partie, du manque des moyens financiers.<\/span><\/span><\/p>\n<p class=\"p1 c5\"><span class=\"c3\"><span class=\"c2\">Sa vision va vers un v\u00e9ritable partenariat public-priv\u00e9 dans le pays par la mise en application des lois qui r\u00e9gissent ce cr\u00e9neau.<\/span><\/span><\/p>\n<p class=\"p1 c5\"><span class=\"c3\"><span class=\"c2\">La culture devra constituer un secteur \u00e0 haute rentabilit\u00e9 \u00e9conomique et un vecteur de cr\u00e9ation d&#8217;emplois \u00e0 travers la mise ne place de partenariats publics-priv\u00e9s dans des secteurs comme le patrimoine et la valorisation du tourisme culturel et l&rsquo;exploitation des sites, selon les normes instaur\u00e9es par le secteur public.<\/span><\/span><\/p>\n<p class=\"p1 c4\">\u00a0<\/p>\n<p class=\"p1 c5\"><span class=\"c3\"><span class=\"c2\">Un large patrimoine arch\u00e9ologique actuellement peu valoris\u00e9 devra \u00eatre bien exploit\u00e9 dans le cadre d&rsquo;une vision strat\u00e9gique pour une meilleure rentabilit\u00e9 au niveau de la cr\u00e9ation d&#8217;emplois et des recettes en devises.<\/span><\/span><\/p>\n<p>Auteur: letemps1<br \/>\n<a href=\"http:\/\/www.letemps.com.tn\/article\/117992\/habib-ammar-%C2%ABreprise-progressive-de-la-vie-culturelle-envisageable-%C3%A0-partir-de-la-mi\">Cliquez ici pour lire l&rsquo;article depuis sa source.<\/a><\/p>\n","protected":false},"excerpt":{"rendered":"<p>Le Temps &#8211; TAP\u00a0 Le ministre des Affaires Culturelles par int\u00e9rim, Habib Ammar, a d\u00e9clar\u00e9, vendredi, que la reprise des activit\u00e9s culturelles et artistiques est envisageable \u00e0 partir de la mi-novembre, de fa\u00e7on progressive. \u00a0La d\u00e9cision finale d\u00e9pendra de l&rsquo;avis du Comit\u00e9 scientifique de lutte contre la Covid-19, a fait savoir le ministre disant qu&rsquo;un [&hellip;]<\/p>\n","protected":false},"author":1773,"featured_media":0,"comment_status":"closed","ping_status":"closed","sticky":false,"template":"","format":"standard","meta":{"fifu_image_url":"","fifu_image_alt":"","footnotes":""},"categories":[73,55],"tags":[],"class_list":["post-104184","post","type-post","status-publish","format-standard","hentry","category-actualite","category-tunisie"],"_links":{"self":[{"href":"https:\/\/linitiative.ca\/International\/wp-json\/wp\/v2\/posts\/104184","targetHints":{"allow":["GET"]}}],"collection":[{"href":"https:\/\/linitiative.ca\/International\/wp-json\/wp\/v2\/posts"}],"about":[{"href":"https:\/\/linitiative.ca\/International\/wp-json\/wp\/v2\/types\/post"}],"author":[{"embeddable":true,"href":"https:\/\/linitiative.ca\/International\/wp-json\/wp\/v2\/users\/1773"}],"replies":[{"embeddable":true,"href":"https:\/\/linitiative.ca\/International\/wp-json\/wp\/v2\/comments?post=104184"}],"version-history":[{"count":0,"href":"https:\/\/linitiative.ca\/International\/wp-json\/wp\/v2\/posts\/104184\/revisions"}],"wp:attachment":[{"href":"https:\/\/linitiative.ca\/International\/wp-json\/wp\/v2\/media?parent=104184"}],"wp:term":[{"taxonomy":"category","embeddable":true,"href":"https:\/\/linitiative.ca\/International\/wp-json\/wp\/v2\/categories?post=104184"},{"taxonomy":"post_tag","embeddable":true,"href":"https:\/\/linitiative.ca\/International\/wp-json\/wp\/v2\/tags?post=104184"}],"curies":[{"name":"wp","href":"https:\/\/api.w.org\/{rel}","templated":true}]}}