{"id":104188,"date":"2020-11-09T11:00:00","date_gmt":"2020-11-09T16:00:00","guid":{"rendered":"https:\/\/linitiative.ca\/International\/le-drian-en-egypte-pour-passer-un-message-dapaisement-au-monde-arabe\/"},"modified":"2020-11-09T11:00:00","modified_gmt":"2020-11-09T16:00:00","slug":"le-drian-en-egypte-pour-passer-un-message-dapaisement-au-monde-arabe","status":"publish","type":"post","link":"https:\/\/linitiative.ca\/International\/le-drian-en-egypte-pour-passer-un-message-dapaisement-au-monde-arabe\/","title":{"rendered":"Le Drian en Egypte pour passer un message d\u2019apaisement au monde arabe"},"content":{"rendered":"<p class=\"p1 c3\"><span class=\"c2\">Depuis une dizaine de jours le mouvement Boycott France continue d\u2019\u00eatre diffus\u00e9 sur les r\u00e9seaux sociaux et principalement dans le monde arabe, apr\u00e8s le discours d\u2019Emmanuel Macron en hommage \u00e0 Samuel Paty. C\u2019est dans ce contexte que Jean-Yves Le Drian devait se rendre hier en \u00c9gypte.<\/span><\/p>\n<p class=\"p1 c3\"><span class=\"c2\">Le pr\u00e9sident de la R\u00e9publique avait d\u00e9fendu le droit de publier des caricatures. Depuis, le chef de l\u2019\u00c9tat s\u2019est exprim\u00e9\u00a0sur la cha\u00eene qatarie al-Jazeera\u00a0pour \u00e9claircir ses propos.<\/span><\/p>\n<p class=\"p1 c3\"><span class=\"c2\">Contrairement \u00e0 d\u2019autres pays du monde arabe, l\u2019\u00c9gypte n\u2019a pas \u00e9t\u00e9 frapp\u00e9e de plein fouet par le mouvement\u00a0de boycott contre la France.<\/span><\/p>\n<p class=\"p1 c3\"><span class=\"c2\">Le pr\u00e9sident Sissi s\u2019est tout de m\u00eame exprim\u00e9 le 29 octobre dernier \u00e0 l\u2019occasion du Mawlid Nabawi, la c\u00e9r\u00e9monie de comm\u00e9moration de la naissance du proph\u00e8te.<\/span><\/p>\n<p class=\"p1 c3\"><span class=\"c2\">S\u2019il a rappel\u00e9 l\u2019esprit de tol\u00e9rance de l\u2019Islam, il a par ailleurs d\u00e9plor\u00e9 que les valeurs religieuses puissent \u00eatre d\u00e9nigr\u00e9es.<\/span><\/p>\n<p class=\"p1 c3\"><span class=\"c2\">Mais pour St\u00e9phane Romatet, l\u2019ambassadeur de France en \u00c9gypte, les relations entre les deux pays restent bonnes: \u00ab\u00a0L\u2019\u00c9gypte n\u2019a pas int\u00e9r\u00eat, en r\u00e9alit\u00e9, \u00e0 ce qu\u2019il y ait ces controverses qui s\u2019alimentent. L\u2019\u00c9gypte a une relation tr\u00e8s particuli\u00e8re avec la France. Ne pas oublier aussi qu\u2019appeler au boycott des produits fran\u00e7ais en \u00c9gypte qui sont fabriqu\u00e9s ici en \u00c9gypte par des entreprises fran\u00e7aises, c\u2019est p\u00e9naliser l\u2019\u00e9conomie \u00e9gyptienne\u00a0\u00bb, explique-t-il.<\/span><\/p>\n<p class=\"p1 c3\"><span class=\"c2\">Lors de sa visite \u00e9clair ce dimanche, Jean-Yves Le Drian rencontrera le pr\u00e9sident \u00e9gyptien mais \u00e9galement le cheikh de la mosqu\u00e9e d\u2019al-Azhar qui avait eu des mots durs contre la France. Une visite dont l\u2019un des buts est de\u00a0calmer les choses dans cette s\u00e9quence diplomatique mouvement\u00e9e, alors que les menaces contre les ressortissants fran\u00e7ais augmentent dans le monde arabe.<\/span><\/p>\n<p>Auteur: letemps1<br \/>\n<a href=\"http:\/\/www.letemps.com.tn\/article\/117996\/le-drian-en-egypte-pour-passer-un-message-d%E2%80%99apaisement-au-monde-arabe\">Cliquez ici pour lire l&rsquo;article depuis sa source.<\/a><\/p>\n","protected":false},"excerpt":{"rendered":"<p>Depuis une dizaine de jours le mouvement Boycott France continue d\u2019\u00eatre diffus\u00e9 sur les r\u00e9seaux sociaux et principalement dans le monde arabe, apr\u00e8s le discours d\u2019Emmanuel Macron en hommage \u00e0 Samuel Paty. C\u2019est dans ce contexte que Jean-Yves Le Drian devait se rendre hier en \u00c9gypte. Le pr\u00e9sident de la R\u00e9publique avait d\u00e9fendu le droit [&hellip;]<\/p>\n","protected":false},"author":1773,"featured_media":0,"comment_status":"closed","ping_status":"closed","sticky":false,"template":"","format":"standard","meta":{"fifu_image_url":"","fifu_image_alt":"","footnotes":""},"categories":[73,55],"tags":[],"class_list":["post-104188","post","type-post","status-publish","format-standard","hentry","category-actualite","category-tunisie"],"_links":{"self":[{"href":"https:\/\/linitiative.ca\/International\/wp-json\/wp\/v2\/posts\/104188","targetHints":{"allow":["GET"]}}],"collection":[{"href":"https:\/\/linitiative.ca\/International\/wp-json\/wp\/v2\/posts"}],"about":[{"href":"https:\/\/linitiative.ca\/International\/wp-json\/wp\/v2\/types\/post"}],"author":[{"embeddable":true,"href":"https:\/\/linitiative.ca\/International\/wp-json\/wp\/v2\/users\/1773"}],"replies":[{"embeddable":true,"href":"https:\/\/linitiative.ca\/International\/wp-json\/wp\/v2\/comments?post=104188"}],"version-history":[{"count":0,"href":"https:\/\/linitiative.ca\/International\/wp-json\/wp\/v2\/posts\/104188\/revisions"}],"wp:attachment":[{"href":"https:\/\/linitiative.ca\/International\/wp-json\/wp\/v2\/media?parent=104188"}],"wp:term":[{"taxonomy":"category","embeddable":true,"href":"https:\/\/linitiative.ca\/International\/wp-json\/wp\/v2\/categories?post=104188"},{"taxonomy":"post_tag","embeddable":true,"href":"https:\/\/linitiative.ca\/International\/wp-json\/wp\/v2\/tags?post=104188"}],"curies":[{"name":"wp","href":"https:\/\/api.w.org\/{rel}","templated":true}]}}