{"id":104197,"date":"2020-11-09T15:13:23","date_gmt":"2020-11-09T20:13:23","guid":{"rendered":"https:\/\/linitiative.ca\/International\/equipe-dalgerie-belmadi-si-on-a-le-bonheur-detre-au-mondial-on-ne-jouera-pas-petits-bras\/"},"modified":"2020-11-09T15:13:23","modified_gmt":"2020-11-09T20:13:23","slug":"equipe-dalgerie-belmadi-si-on-a-le-bonheur-detre-au-mondial-on-ne-jouera-pas-petits-bras","status":"publish","type":"post","link":"https:\/\/linitiative.ca\/International\/equipe-dalgerie-belmadi-si-on-a-le-bonheur-detre-au-mondial-on-ne-jouera-pas-petits-bras\/","title":{"rendered":"Equipe d&rsquo;Alg\u00e9rie : Belmadi: \u00abSi on a le bonheur d\u2019\u00eatre au Mondial, on ne jouera pas petits bras\u00bb"},"content":{"rendered":"<div readability=\"32\">\n<p>Auteur : <span class=\"time\">lundi 09 novembre 2020 20:41<\/span><\/p>\n<\/div>\n<div id=\"post_core\" readability=\"44\">\n<p>Le coach des champions d\u2019Afrique a \u00e9voqu\u00e9 l\u2019\u00e9ch\u00e9ance du Mondial, et que l\u2019objectif que lui et ses hommes pourraient viser. \u00ab L\u2019objectif, c\u2019est d\u00e9j\u00e0 d\u2019y \u00eatre, a-t-il commenc\u00e9 par souligner. Avec notre titre de la CAN, on a donn\u00e9 beaucoup d\u2019espoirs aux compatriotes. Ils nous voient l\u00e0-bas et on se voit l\u00e0-bas. On sait que c\u2019est compliqu\u00e9 et que ce n\u2019est pas une chose ais\u00e9e. Y aura 5 \u00e9quipes africaines qui y seront seulement. Ensuite, si on a le bonheur d\u2019y \u00eatre, et qu\u2019on aura m\u00e9rit\u00e9 la phase finale, il faudra se pr\u00e9parer au mieux pour aller le plus loin possible. Dire qu\u2019on peut atteindre les quarts ou les demies, \u00e7a serait manquer d\u2019humilit\u00e9. Mais on n\u2019ira pas jouer petits bras, en se contentant d\u2019une participation. On fera le maximum. \u00bbrapporte Goal.<\/p>\n<p><strong>Publi\u00e9 dans :<\/strong> <span>Belmadi<\/span><\/p>\n<\/div>\n<p>Auteur:<br \/>\n<a href=\"http:\/\/www.lebuteur.com\/article\/detail?titre=belmadi-si-on-a-le-bonheur-detre-au-mondial-on-ne-jouera-pas-petits-bras&#038;id=97901&#038;utm_source=feedburner&#038;utm_medium=feed&#038;utm_campaign=Feed%3A+GalerieFArtciles+%28Les+derniers+articles++-+lebuteur.com%29\">Cliquez ici pour lire l&rsquo;article depuis sa source.<\/a><\/p>\n","protected":false},"excerpt":{"rendered":"<p>Auteur : lundi 09 novembre 2020 20:41 Le coach des champions d\u2019Afrique a \u00e9voqu\u00e9 l\u2019\u00e9ch\u00e9ance du Mondial, et que l\u2019objectif que lui et ses hommes pourraient viser. \u00ab L\u2019objectif, c\u2019est d\u00e9j\u00e0 d\u2019y \u00eatre, a-t-il commenc\u00e9 par souligner. Avec notre titre de la CAN, on a donn\u00e9 beaucoup d\u2019espoirs aux compatriotes. Ils nous voient l\u00e0-bas et [&hellip;]<\/p>\n","protected":false},"author":1738,"featured_media":104198,"comment_status":"closed","ping_status":"closed","sticky":false,"template":"","format":"standard","meta":{"fifu_image_url":"","fifu_image_alt":"","footnotes":""},"categories":[53,75],"tags":[],"class_list":["post-104197","post","type-post","status-publish","format-standard","has-post-thumbnail","hentry","category-algerie","category-sport"],"_links":{"self":[{"href":"https:\/\/linitiative.ca\/International\/wp-json\/wp\/v2\/posts\/104197","targetHints":{"allow":["GET"]}}],"collection":[{"href":"https:\/\/linitiative.ca\/International\/wp-json\/wp\/v2\/posts"}],"about":[{"href":"https:\/\/linitiative.ca\/International\/wp-json\/wp\/v2\/types\/post"}],"author":[{"embeddable":true,"href":"https:\/\/linitiative.ca\/International\/wp-json\/wp\/v2\/users\/1738"}],"replies":[{"embeddable":true,"href":"https:\/\/linitiative.ca\/International\/wp-json\/wp\/v2\/comments?post=104197"}],"version-history":[{"count":0,"href":"https:\/\/linitiative.ca\/International\/wp-json\/wp\/v2\/posts\/104197\/revisions"}],"wp:featuredmedia":[{"embeddable":true,"href":"https:\/\/linitiative.ca\/International\/wp-json\/"}],"wp:attachment":[{"href":"https:\/\/linitiative.ca\/International\/wp-json\/wp\/v2\/media?parent=104197"}],"wp:term":[{"taxonomy":"category","embeddable":true,"href":"https:\/\/linitiative.ca\/International\/wp-json\/wp\/v2\/categories?post=104197"},{"taxonomy":"post_tag","embeddable":true,"href":"https:\/\/linitiative.ca\/International\/wp-json\/wp\/v2\/tags?post=104197"}],"curies":[{"name":"wp","href":"https:\/\/api.w.org\/{rel}","templated":true}]}}