{"id":104204,"date":"2020-11-09T14:52:33","date_gmt":"2020-11-09T19:52:33","guid":{"rendered":"https:\/\/linitiative.ca\/International\/112576-ligue-1-2020-2021-le-debut-de-saison-maintenu-au-28-novembre\/"},"modified":"2020-11-09T14:52:33","modified_gmt":"2020-11-09T19:52:33","slug":"112576-ligue-1-2020-2021-le-debut-de-saison-maintenu-au-28-novembre","status":"publish","type":"post","link":"https:\/\/linitiative.ca\/International\/112576-ligue-1-2020-2021-le-debut-de-saison-maintenu-au-28-novembre\/","title":{"rendered":"Ligue 1 2020-2021: le d\u00e9but de saison maintenu au 28 novembre"},"content":{"rendered":"<div>\n<div class=\"K2FeedImage\"><img decoding=\"async\" src=\"http:\/\/www.aps.dz\/media\/k2\/items\/cache\/155d5994d6b583a373f857a23d3dafb1_S.jpg\" alt=\"Ligue 1 2020-2021: le d\u00e9but de saison maintenu au 28 novembre\"><\/div>\n<div class=\"K2FeedIntroText\">\n<p><strong>ALGER &#8211; Le coup d&rsquo;envoi du championnat d&rsquo;Alg\u00e9rie de Ligue 1, saison 2020-2021, est maintenu au 28 novembre, a appris l&rsquo;APS de la Ligue de football professionnel (LFP).<\/strong><\/p>\n<\/div>\n<div class=\"K2FeedFullText\">\n<p>La date a \u00e9t\u00e9 confirm\u00e9e lundi suite \u00e0 l&rsquo;annonce par la Conf\u00e9d\u00e9ration africaine de football (CAF) du calendrier de ses deux comp\u00e9titions de clubs, auxquelles quatre repr\u00e9sentants alg\u00e9riens prendront part, le CR Belouizdad et le MC Alger (Ligue des champions) ainsi que l&rsquo;ES S\u00e9tif et la JS Kabylie (Coupe de la Conf\u00e9d\u00e9ration).<\/p>\n<hr>\n<h3>Lire aussi:\u00a0<a href=\"http:\/\/www.aps.dz\/sport\/112570-ligue-des-champions-le-crb-debutera-a-domicile-le-mca-en-deplacement\" target=\"_blank\" rel=\"noopener noreferrer\">Ligue des champions: le CRB d\u00e9butera \u00e0 domicile, le MCA en d\u00e9placement<\/a><br \/>\n<\/h3>\n<hr>\n<p>D&rsquo;autre part, la Supercoupe d\u2019Alg\u00e9rie 2018-2019 entre l&rsquo;USM Alger (champion d&rsquo;Alg\u00e9rie) et le CR Belouizdad (vainqueur de la Coupe d&rsquo;Alg\u00e9rie) est maintenue pour le 21 novembre, sous r\u00e9serve de la d\u00e9livrance de l&rsquo;autorisation des services du Premier minist\u00e8re, pr\u00e9cise la m\u00eame source.<\/p>\n<\/div>\n<p><img loading=\"lazy\" decoding=\"async\" src=\"http:\/\/feeds.feedburner.com\/~r\/aps-sport\/~4\/PTADyTxfvZA\" height=\"1\" width=\"1\" alt=\"\">\n<\/div>\n<p>Auteur:<br \/>\n<a href=\"http:\/\/www.aps.dz\/sport\/112576-ligue-1-2020-2021-le-debut-de-saison-maintenu-au-28-novembre?utm_source=feedburner&#038;utm_medium=feed&#038;utm_campaign=Feed%3A+aps-sport+%28APS+-+SPORT%29\">Cliquez ici pour lire l&rsquo;article depuis sa source.<\/a><\/p>\n","protected":false},"excerpt":{"rendered":"<p>ALGER &#8211; Le coup d&rsquo;envoi du championnat d&rsquo;Alg\u00e9rie de Ligue 1, saison 2020-2021, est maintenu au 28 novembre, a appris l&rsquo;APS de la Ligue de football professionnel (LFP). La date a \u00e9t\u00e9 confirm\u00e9e lundi suite \u00e0 l&rsquo;annonce par la Conf\u00e9d\u00e9ration africaine de football (CAF) du calendrier de ses deux comp\u00e9titions de clubs, auxquelles quatre repr\u00e9sentants [&hellip;]<\/p>\n","protected":false},"author":1790,"featured_media":104205,"comment_status":"closed","ping_status":"closed","sticky":false,"template":"","format":"standard","meta":{"fifu_image_url":"","fifu_image_alt":"","footnotes":""},"categories":[53,75],"tags":[],"class_list":["post-104204","post","type-post","status-publish","format-standard","has-post-thumbnail","hentry","category-algerie","category-sport"],"_links":{"self":[{"href":"https:\/\/linitiative.ca\/International\/wp-json\/wp\/v2\/posts\/104204","targetHints":{"allow":["GET"]}}],"collection":[{"href":"https:\/\/linitiative.ca\/International\/wp-json\/wp\/v2\/posts"}],"about":[{"href":"https:\/\/linitiative.ca\/International\/wp-json\/wp\/v2\/types\/post"}],"author":[{"embeddable":true,"href":"https:\/\/linitiative.ca\/International\/wp-json\/wp\/v2\/users\/1790"}],"replies":[{"embeddable":true,"href":"https:\/\/linitiative.ca\/International\/wp-json\/wp\/v2\/comments?post=104204"}],"version-history":[{"count":0,"href":"https:\/\/linitiative.ca\/International\/wp-json\/wp\/v2\/posts\/104204\/revisions"}],"wp:featuredmedia":[{"embeddable":true,"href":"https:\/\/linitiative.ca\/International\/wp-json\/"}],"wp:attachment":[{"href":"https:\/\/linitiative.ca\/International\/wp-json\/wp\/v2\/media?parent=104204"}],"wp:term":[{"taxonomy":"category","embeddable":true,"href":"https:\/\/linitiative.ca\/International\/wp-json\/wp\/v2\/categories?post=104204"},{"taxonomy":"post_tag","embeddable":true,"href":"https:\/\/linitiative.ca\/International\/wp-json\/wp\/v2\/tags?post=104204"}],"curies":[{"name":"wp","href":"https:\/\/api.w.org\/{rel}","templated":true}]}}