{"id":104206,"date":"2020-11-09T10:13:00","date_gmt":"2020-11-09T15:13:00","guid":{"rendered":"https:\/\/linitiative.ca\/International\/revue-el-djeich-lalgerie-sera-plus-solide-et-ouverte\/"},"modified":"2020-11-09T10:13:00","modified_gmt":"2020-11-09T15:13:00","slug":"revue-el-djeich-lalgerie-sera-plus-solide-et-ouverte","status":"publish","type":"post","link":"https:\/\/linitiative.ca\/International\/revue-el-djeich-lalgerie-sera-plus-solide-et-ouverte\/","title":{"rendered":"REVUE EL-DJE\u00cfCH  : \u00ab\u00a0L&rsquo;Alg\u00e9rie sera plus solide et ouverte\u00a0\u00bb"},"content":{"rendered":"<p><br id=\"sep_para_1\" class=\"sep_para access\"\/><\/p>\n<div id=\"para_1\" class=\"para_39408358 resize\">\n<div class=\"photo shadow left\"><a href=\"javascript:void(0)\" rel=\"https:\/\/www.reflexiondz.net\/photo\/art\/grande\/51312335-39408358.jpg?v=1604936878&amp;ibox\" title=\"REVUE EL-DJE\u00cfCH : &quot;L'Alg\u00e9rie sera plus solide et ouverte&quot;\"><img decoding=\"async\" class=\"responsive c9\" src=\"https:\/\/www.reflexiondz.net\/photo\/art\/grande\/51312335-39408358.jpg?v=1604936878\" alt=\"REVUE EL-DJE\u00cfCH : &quot;L'Alg\u00e9rie sera plus solide et ouverte&quot;\" title=\"REVUE EL-DJE\u00cfCH : &quot;L'Alg\u00e9rie sera plus solide et ouverte&quot;\"\/><img decoding=\"async\" class=\"not-responsive\" src=\"https:\/\/www.reflexiondz.net\/photo\/art\/default\/51312335-39408358.jpg?v=1604936882\" alt=\"REVUE EL-DJE\u00cfCH : &quot;L'Alg\u00e9rie sera plus solide et ouverte&quot;\" title=\"REVUE EL-DJE\u00cfCH : &quot;L'Alg\u00e9rie sera plus solide et ouverte&quot;\"\/><\/a><\/div>\n<div class=\"texte access firstletter\">En effet, il est \u00e9crit dans son \u00e9ditorial que\u00a0 \u00ab\u00a0Avec la Constitution de novembre, l\u2019Alg\u00e9rie sera plus solide et ouverte, tant elle consacre l\u2019alternance d\u00e9mocratique au pouvoir et assure un changement radical du mode de gouvernance et de ses m\u00e9canismes\u00a0\u00bb. Selon la revue, ce changement \u00ab\u00a0provoquera une v\u00e9ritable rupture avec les pratiques du pass\u00e9 qui ont sap\u00e9 l\u2019autorit\u00e9 de l\u2019Etat et a \u00e9t\u00e9 \u00e0 l\u2019origine de la perte de confiance du citoyen envers ses institutions constitutionnelles\u00a0\u00bb. \u00ab\u00a0Elle permettra, comme l\u2019a affirm\u00e9 le pr\u00e9sident de la R\u00e9publique, chef supr\u00eame des forces arm\u00e9es, ministre de la D\u00e9fense nationale, M. Abdelmadjid Tebboune, de +poser les fondements d\u2019un syst\u00e8me d\u00e9mocratique garantissant la protection des droits et des libert\u00e9s, r\u00e9alisant l\u2019\u00e9quilibre entre les diff\u00e9rents pouvoirs et assurant la moralisation de la vie quotidienne+\u00a0\u00bb, a-t-elle ajout\u00e9. La revue de l&rsquo;Arm\u00e9e a salu\u00e9, dans ce contexte, la \u00ab\u00a0loyaut\u00e9\u00a0\u00bb du peuple alg\u00e9rien qui a \u00ab\u00a0fait pr\u00e9valoir la voix de la raison et l\u2019int\u00e9r\u00eat de la patrie sur tout autre int\u00e9r\u00eat, contribuant ainsi au succ\u00e8s du r\u00e9f\u00e9rendum sur le projet d\u2019amendement de la Constitution et ouvrant la voie \u00e0 la concr\u00e9tisation du projet de la nouvelle Alg\u00e9rie et \u00e0 la r\u00e9alisation de ses aspirations dans une Alg\u00e9rie puissante, s\u00fbre et prosp\u00e8re\u00a0\u00bb. Elle a estim\u00e9 que le r\u00e9f\u00e9rendum sur la nouvelle Constitution \u00ab\u00a0pr\u00e9figure l\u2019av\u00e8nement de la nouvelle Alg\u00e9rie dont les premiers jalons ont \u00e9t\u00e9 pos\u00e9s par le peuple alg\u00e9rien\u00a0\u00bb, relevant que le choix de la date du 1er novembre pour l&rsquo;organisation de ce r\u00e9f\u00e9rendum \u00ab\u00a0a une puissante dimension symbolique\u00a0\u00bb. Ce choix, a-t-elle poursuivi, est \u00ab\u00a0synonyme de fid\u00e9lit\u00e9 au sacrifice des valeureux Chouhada qui ont offert leur vie pour que nous puissions vivre et pour que vive l\u2019Alg\u00e9rie libre et ind\u00e9pendante\u00a0\u00bb. \u00ab\u00a0Tant que l\u2019objectif poursuivi est l\u2019\u00e9dification d\u2019un Etat \u00e9manant de la volont\u00e9 du peuple et \u00e0 son service, la nouvelle Alg\u00e9rie verra in\u00e9luctablement le jour \u00e0 travers une s\u00e9rie de r\u00e9formes profondes inscrites dans la Constitution de novembre 2020\u00a0\u00bb, a-t-elle soutenu.<\/div>\n<\/div>\n<p>Auteur: Ismain<br \/>\n<a href=\"https:\/\/www.reflexiondz.net\/REVUE-EL-DJEICH-L-Algerie-sera-plus-solide-et-ouverte_a66218.html\">Cliquez ici pour lire l&rsquo;article depuis sa source.<\/a><\/p>\n","protected":false},"excerpt":{"rendered":"<p>En effet, il est \u00e9crit dans son \u00e9ditorial que\u00a0 \u00ab\u00a0Avec la Constitution de novembre, l\u2019Alg\u00e9rie sera plus solide et ouverte, tant elle consacre l\u2019alternance d\u00e9mocratique au pouvoir et assure un changement radical du mode de gouvernance et de ses m\u00e9canismes\u00a0\u00bb. Selon la revue, ce changement \u00ab\u00a0provoquera une v\u00e9ritable rupture avec les pratiques du pass\u00e9 qui [&hellip;]<\/p>\n","protected":false},"author":1740,"featured_media":0,"comment_status":"closed","ping_status":"closed","sticky":false,"template":"","format":"standard","meta":{"fifu_image_url":"","fifu_image_alt":"","footnotes":""},"categories":[53,76],"tags":[],"class_list":["post-104206","post","type-post","status-publish","format-standard","hentry","category-algerie","category-regions"],"_links":{"self":[{"href":"https:\/\/linitiative.ca\/International\/wp-json\/wp\/v2\/posts\/104206","targetHints":{"allow":["GET"]}}],"collection":[{"href":"https:\/\/linitiative.ca\/International\/wp-json\/wp\/v2\/posts"}],"about":[{"href":"https:\/\/linitiative.ca\/International\/wp-json\/wp\/v2\/types\/post"}],"author":[{"embeddable":true,"href":"https:\/\/linitiative.ca\/International\/wp-json\/wp\/v2\/users\/1740"}],"replies":[{"embeddable":true,"href":"https:\/\/linitiative.ca\/International\/wp-json\/wp\/v2\/comments?post=104206"}],"version-history":[{"count":0,"href":"https:\/\/linitiative.ca\/International\/wp-json\/wp\/v2\/posts\/104206\/revisions"}],"wp:attachment":[{"href":"https:\/\/linitiative.ca\/International\/wp-json\/wp\/v2\/media?parent=104206"}],"wp:term":[{"taxonomy":"category","embeddable":true,"href":"https:\/\/linitiative.ca\/International\/wp-json\/wp\/v2\/categories?post=104206"},{"taxonomy":"post_tag","embeddable":true,"href":"https:\/\/linitiative.ca\/International\/wp-json\/wp\/v2\/tags?post=104206"}],"curies":[{"name":"wp","href":"https:\/\/api.w.org\/{rel}","templated":true}]}}