{"id":104207,"date":"2020-11-09T10:13:00","date_gmt":"2020-11-09T15:13:00","guid":{"rendered":"https:\/\/linitiative.ca\/International\/des-cas-de-coronavirus-a-laadl-dalger-est-fermeture-de-la-direction-regionale-pour-15-jours\/"},"modified":"2020-11-09T10:13:00","modified_gmt":"2020-11-09T15:13:00","slug":"des-cas-de-coronavirus-a-laadl-dalger-est-fermeture-de-la-direction-regionale-pour-15-jours","status":"publish","type":"post","link":"https:\/\/linitiative.ca\/International\/des-cas-de-coronavirus-a-laadl-dalger-est-fermeture-de-la-direction-regionale-pour-15-jours\/","title":{"rendered":"DES CAS DE CORONAVIRUS \u00e0 l\u2019AADL d\u2019Alger-Est : Fermeture de la direction r\u00e9gionale pour 15 jours"},"content":{"rendered":"<p><br id=\"sep_para_1\" class=\"sep_para access\"\/><\/p>\n<div id=\"para_1\" class=\"para_39408299 resize\">\n<div class=\"texte access firstletter\">L\u2019Agence nationale de l\u2019am\u00e9lioration et du d\u00e9veloppement du logement (AADL) a annonc\u00e9, lundi dans un communiqu\u00e9, la fermeture pour une dur\u00e9e de 15 jours, de la Direction r\u00e9gionale AADL d\u2019Alger-Est (DRAE), \u00e0 titre pr\u00e9ventif contre la propagation de l\u2019\u00e9pid\u00e9mie de la Covid-19. \u00ab\u00a0L\u2019Agence nationale de l\u2019am\u00e9lioration et du d\u00e9veloppement du logement (AADL) porte \u00e0 la connaissance de ses souscripteurs que la Direction r\u00e9gionale de l\u2019AADL d\u2019Alger-Est (DRAE) a \u00e9t\u00e9 ferm\u00e9e pour une dur\u00e9e de 15 jours, comme mesure pr\u00e9ventive contre la propagation de la Covid-19 parmi les souscripteurs\u00a0\u00bb, lit-on dans le communiqu\u00e9 post\u00e9 sur ma page officielle Facebook de l\u2019AADL. Cette d\u00e9cision intervient suite \u00e0 l\u2019enregistrement d\u2019un nombre de cas d\u2019atteinte par le nouveau Coronavirus (Covid-19), parmi les fonctionnaires et salari\u00e9s de la DRAE, pr\u00e9cis\u00e9-t-on dans le communiqu\u00e9. Face \u00e0 cette situation, l\u2019AADL appelle l\u2019ensemble de ses travailleurs et fonctionnaires, \u00e0 la n\u00e9cessit\u00e9 de faire preuve de vigilance et de prudence et au respect des mesures pr\u00e9ventives visant \u00e0 juguler la propagation de l\u2019\u00e9pid\u00e9mie.<\/div>\n<\/div>\n<p>Auteur: Nadine<br \/>\n<a href=\"https:\/\/www.reflexiondz.net\/DES-CAS-DE-CORONAVIRUS-a-l-AADL-d-Alger-Est-Fermeture-de-la-direction-regionale-pour-15-jours_a66215.html\">Cliquez ici pour lire l&rsquo;article depuis sa source.<\/a><\/p>\n","protected":false},"excerpt":{"rendered":"<p>L\u2019Agence nationale de l\u2019am\u00e9lioration et du d\u00e9veloppement du logement (AADL) a annonc\u00e9, lundi dans un communiqu\u00e9, la fermeture pour une dur\u00e9e de 15 jours, de la Direction r\u00e9gionale AADL d\u2019Alger-Est (DRAE), \u00e0 titre pr\u00e9ventif contre la propagation de l\u2019\u00e9pid\u00e9mie de la Covid-19. \u00ab\u00a0L\u2019Agence nationale de l\u2019am\u00e9lioration et du d\u00e9veloppement du logement (AADL) porte \u00e0 la [&hellip;]<\/p>\n","protected":false},"author":1740,"featured_media":0,"comment_status":"closed","ping_status":"closed","sticky":false,"template":"","format":"standard","meta":{"fifu_image_url":"","fifu_image_alt":"","footnotes":""},"categories":[53,76],"tags":[],"class_list":["post-104207","post","type-post","status-publish","format-standard","hentry","category-algerie","category-regions"],"_links":{"self":[{"href":"https:\/\/linitiative.ca\/International\/wp-json\/wp\/v2\/posts\/104207","targetHints":{"allow":["GET"]}}],"collection":[{"href":"https:\/\/linitiative.ca\/International\/wp-json\/wp\/v2\/posts"}],"about":[{"href":"https:\/\/linitiative.ca\/International\/wp-json\/wp\/v2\/types\/post"}],"author":[{"embeddable":true,"href":"https:\/\/linitiative.ca\/International\/wp-json\/wp\/v2\/users\/1740"}],"replies":[{"embeddable":true,"href":"https:\/\/linitiative.ca\/International\/wp-json\/wp\/v2\/comments?post=104207"}],"version-history":[{"count":0,"href":"https:\/\/linitiative.ca\/International\/wp-json\/wp\/v2\/posts\/104207\/revisions"}],"wp:attachment":[{"href":"https:\/\/linitiative.ca\/International\/wp-json\/wp\/v2\/media?parent=104207"}],"wp:term":[{"taxonomy":"category","embeddable":true,"href":"https:\/\/linitiative.ca\/International\/wp-json\/wp\/v2\/categories?post=104207"},{"taxonomy":"post_tag","embeddable":true,"href":"https:\/\/linitiative.ca\/International\/wp-json\/wp\/v2\/tags?post=104207"}],"curies":[{"name":"wp","href":"https:\/\/api.w.org\/{rel}","templated":true}]}}