{"id":104208,"date":"2020-11-09T10:13:00","date_gmt":"2020-11-09T15:13:00","guid":{"rendered":"https:\/\/linitiative.ca\/International\/listes-electorales-charfi-annonce-la-date-de-la-revision-annuelle\/"},"modified":"2020-11-09T10:13:00","modified_gmt":"2020-11-09T15:13:00","slug":"listes-electorales-charfi-annonce-la-date-de-la-revision-annuelle","status":"publish","type":"post","link":"https:\/\/linitiative.ca\/International\/listes-electorales-charfi-annonce-la-date-de-la-revision-annuelle\/","title":{"rendered":"LISTES ELECTORALES : Charfi annonce la date de la r\u00e9vision annuelle"},"content":{"rendered":"<p><br id=\"sep_para_1\" class=\"sep_para access\"\/><\/p>\n<div id=\"para_1\" class=\"para_39408295 resize\">\n<div class=\"texte access firstletter\">Lors d\u2019une r\u00e9union tenue par visioconf\u00e9rence avec les coordonnateurs de l\u2019ANIE de wilaya et \u00e0 l&rsquo;\u00e9tranger, M. Charfi a fait savoir que l\u2019op\u00e9ration de r\u00e9vision des listes \u00e9lectorales se poursuivra jusqu\u2019au 14 d\u00e9cembre. \u00ab\u00a0Cette op\u00e9ration intervient en application de la loi organique relative au r\u00e9gime \u00e9lectoral en vigueur stipulant que la r\u00e9vision annuelle des listes \u00e9lectorale est organis\u00e9e le dernier trimestre de chaque ann\u00e9e\u00a0\u00bb, a-t-il soulign\u00e9. Par ailleurs, le pr\u00e9sident de l&rsquo;Autorit\u00e9 nationale ind\u00e9pendante des \u00e9lections (ANIE), Mohamed Charfi a salu\u00e9 dimanche \u00e0 Alger les coordinateurs de l\u2019ANIE au niveau des wilayas du pays et \u00e0 l&rsquo;\u00e9tranger pour leurs efforts en vue de mener \u00e0 bien le r\u00e9f\u00e9rendum populaire sur l\u2019amendement de la constitution le 1er novembre dernier. \u00ab\u00a0Je vous salue tous pour les efforts d\u00e9ploy\u00e9s et pour votre d\u00e9vouement afin de garantir le respect de toutes les lois tout au long du scrutin et de pr\u00e9server la voix du peuple\u00a0\u00bb, a indiqu\u00e9 M. Charfi lors d\u2019une r\u00e9union de coordination tenue par visioconf\u00e9rence avec les coordinateurs de l\u2019ANIE dans les wilayas et \u00e0 l\u2019\u00e9tranger. Il a \u00e9galement lou\u00e9 le \u00ab\u00a0haut niveau de maitrise\u00a0\u00bb dont ont fait preuve les coordinateurs de l\u2019ANIE \u00e0 l&rsquo;int\u00e9rieur et \u00e0 l&rsquo;ext\u00e9rieur du pays lors de l&rsquo;organisation du r\u00e9f\u00e9rendum, et ce \u00ab\u00a0en d\u00e9pit des circonstances sanitaires difficiles dues \u00e0 la propagation de la pand\u00e9mie de Covid-19\u00a0\u00bb. Le pr\u00e9sident de l\u2019ANIE a saisi l\u2019occasion pour saluer les magistrats qui ont pr\u00e9sid\u00e9 les commissions \u00e9lectorales de wilayas et de communes pour leur travail, soulignant que \u00ab\u00a0le pouvoir judiciaire est un partenaire pour l&rsquo;ANIE dans ses efforts visant \u00e0 op\u00e9rer le changement escompt\u00e9 et asseoir les bases de l&rsquo;Etat de droit\u00a0\u00bb.<\/div>\n<\/div>\n<p>Auteur: Ismain<br \/>\n<a href=\"https:\/\/www.reflexiondz.net\/LISTES-ELECTORALES-Charfi-annonce-la-date-de-la-revision-annuelle_a66214.html\">Cliquez ici pour lire l&rsquo;article depuis sa source.<\/a><\/p>\n","protected":false},"excerpt":{"rendered":"<p>Lors d\u2019une r\u00e9union tenue par visioconf\u00e9rence avec les coordonnateurs de l\u2019ANIE de wilaya et \u00e0 l&rsquo;\u00e9tranger, M. Charfi a fait savoir que l\u2019op\u00e9ration de r\u00e9vision des listes \u00e9lectorales se poursuivra jusqu\u2019au 14 d\u00e9cembre. \u00ab\u00a0Cette op\u00e9ration intervient en application de la loi organique relative au r\u00e9gime \u00e9lectoral en vigueur stipulant que la r\u00e9vision annuelle des listes [&hellip;]<\/p>\n","protected":false},"author":1740,"featured_media":0,"comment_status":"closed","ping_status":"closed","sticky":false,"template":"","format":"standard","meta":{"fifu_image_url":"","fifu_image_alt":"","footnotes":""},"categories":[53,76],"tags":[],"class_list":["post-104208","post","type-post","status-publish","format-standard","hentry","category-algerie","category-regions"],"_links":{"self":[{"href":"https:\/\/linitiative.ca\/International\/wp-json\/wp\/v2\/posts\/104208","targetHints":{"allow":["GET"]}}],"collection":[{"href":"https:\/\/linitiative.ca\/International\/wp-json\/wp\/v2\/posts"}],"about":[{"href":"https:\/\/linitiative.ca\/International\/wp-json\/wp\/v2\/types\/post"}],"author":[{"embeddable":true,"href":"https:\/\/linitiative.ca\/International\/wp-json\/wp\/v2\/users\/1740"}],"replies":[{"embeddable":true,"href":"https:\/\/linitiative.ca\/International\/wp-json\/wp\/v2\/comments?post=104208"}],"version-history":[{"count":0,"href":"https:\/\/linitiative.ca\/International\/wp-json\/wp\/v2\/posts\/104208\/revisions"}],"wp:attachment":[{"href":"https:\/\/linitiative.ca\/International\/wp-json\/wp\/v2\/media?parent=104208"}],"wp:term":[{"taxonomy":"category","embeddable":true,"href":"https:\/\/linitiative.ca\/International\/wp-json\/wp\/v2\/categories?post=104208"},{"taxonomy":"post_tag","embeddable":true,"href":"https:\/\/linitiative.ca\/International\/wp-json\/wp\/v2\/tags?post=104208"}],"curies":[{"name":"wp","href":"https:\/\/api.w.org\/{rel}","templated":true}]}}