{"id":104209,"date":"2020-11-09T10:13:00","date_gmt":"2020-11-09T15:13:00","guid":{"rendered":"https:\/\/linitiative.ca\/International\/confinement-partiel-la-wilaya-dalger-durcit-les-mesures-preventives\/"},"modified":"2020-11-09T10:13:00","modified_gmt":"2020-11-09T15:13:00","slug":"confinement-partiel-la-wilaya-dalger-durcit-les-mesures-preventives","status":"publish","type":"post","link":"https:\/\/linitiative.ca\/International\/confinement-partiel-la-wilaya-dalger-durcit-les-mesures-preventives\/","title":{"rendered":"CONFINEMENT PARTIEL  : La wilaya d\u2019Alger durcit  les mesures pr\u00e9ventives"},"content":{"rendered":"<p><br id=\"sep_para_1\" class=\"sep_para access\"\/><\/p>\n<div id=\"para_1\" class=\"para_39408305 resize\">\n<div class=\"texte access firstletter\">La wilaya d\u2019Alger a d\u00e9cid\u00e9 de nouvelles mesures pour s\u2019adapter au durcissement du confinement d\u00e9cid\u00e9 par le gouvernement, afin de faire face \u00e0 la hausse des contaminations au Coronavirus. Ainsi, outre le couvre-feu qui sera appliqu\u00e9 pour toute la wilaya d\u2019Alger de 20h00 jusqu\u2019\u00e0 5h00 pour une dur\u00e9e de 15 jours d\u00e8s demain mardi, la wilaya a d\u00e9cid\u00e9 de suspendre le transport urbain collectif des personnes durant les week-ends, rappelant dans un communiqu\u00e9 ce lundi que le transport\u00a0 de groupe de personnes de et vers Alger reste suspendu a tout d\u00e9placement\u00a0 et tout manquement sera sanctionn\u00e9 selon ce qui est pr\u00e9vu dans la loi. La wilaya d\u2019Alger a d\u00e9cid\u00e9 aussi de fermer les march\u00e9s des anciens v\u00e9hicules pour une dur\u00e9e de 15 jours et cela depuis ce 09 novembre. S\u2019agissant des march\u00e9s hebdomadaires, un protocole de surveillance rigoureux sera mis en place et des sanctions seront appliqu\u00e9es contre les contrevenants. Prolongement des mesures de suspension de tous les regroupements des personnes, les regroupements familiaux, les f\u00eates de mariages, ainsi que les regroupements au sein des cimeti\u00e8res et des sanctions seront prises \u00e0 l\u2019encontre des propri\u00e9taires des lieux de regroupement. Par ailleurs, toujours dans le m\u00eame objectif, la wilaya d\u2019Alger annonce pour les personnes, et les autorit\u00e9s publiques et priv\u00e9es\u00a0 la suspension des autorisations exceptionnelles des d\u00e9placements qu\u2019ils ont obtenue et qui seront chang\u00e9es avec un nouveau prototype d\u2019autorisation.\u00a0\u00a0\u00a0<\/div>\n<\/div>\n<p>Auteur: Nadine<br \/>\n<a href=\"https:\/\/www.reflexiondz.net\/CONFINEMENT-PARTIEL-La-wilaya-d-Alger-durcit-les-mesures-preventives_a66217.html\">Cliquez ici pour lire l&rsquo;article depuis sa source.<\/a><\/p>\n","protected":false},"excerpt":{"rendered":"<p>La wilaya d\u2019Alger a d\u00e9cid\u00e9 de nouvelles mesures pour s\u2019adapter au durcissement du confinement d\u00e9cid\u00e9 par le gouvernement, afin de faire face \u00e0 la hausse des contaminations au Coronavirus. Ainsi, outre le couvre-feu qui sera appliqu\u00e9 pour toute la wilaya d\u2019Alger de 20h00 jusqu\u2019\u00e0 5h00 pour une dur\u00e9e de 15 jours d\u00e8s demain mardi, la [&hellip;]<\/p>\n","protected":false},"author":1740,"featured_media":0,"comment_status":"closed","ping_status":"closed","sticky":false,"template":"","format":"standard","meta":{"fifu_image_url":"","fifu_image_alt":"","footnotes":""},"categories":[53,76],"tags":[],"class_list":["post-104209","post","type-post","status-publish","format-standard","hentry","category-algerie","category-regions"],"_links":{"self":[{"href":"https:\/\/linitiative.ca\/International\/wp-json\/wp\/v2\/posts\/104209","targetHints":{"allow":["GET"]}}],"collection":[{"href":"https:\/\/linitiative.ca\/International\/wp-json\/wp\/v2\/posts"}],"about":[{"href":"https:\/\/linitiative.ca\/International\/wp-json\/wp\/v2\/types\/post"}],"author":[{"embeddable":true,"href":"https:\/\/linitiative.ca\/International\/wp-json\/wp\/v2\/users\/1740"}],"replies":[{"embeddable":true,"href":"https:\/\/linitiative.ca\/International\/wp-json\/wp\/v2\/comments?post=104209"}],"version-history":[{"count":0,"href":"https:\/\/linitiative.ca\/International\/wp-json\/wp\/v2\/posts\/104209\/revisions"}],"wp:attachment":[{"href":"https:\/\/linitiative.ca\/International\/wp-json\/wp\/v2\/media?parent=104209"}],"wp:term":[{"taxonomy":"category","embeddable":true,"href":"https:\/\/linitiative.ca\/International\/wp-json\/wp\/v2\/categories?post=104209"},{"taxonomy":"post_tag","embeddable":true,"href":"https:\/\/linitiative.ca\/International\/wp-json\/wp\/v2\/tags?post=104209"}],"curies":[{"name":"wp","href":"https:\/\/api.w.org\/{rel}","templated":true}]}}