{"id":104213,"date":"2020-11-09T11:07:00","date_gmt":"2020-11-09T16:07:00","guid":{"rendered":"https:\/\/linitiative.ca\/International\/fadhel-kraiem-une-strategie-densemble-est-urgente-pour-le-teleenseignement\/"},"modified":"2020-11-09T11:07:00","modified_gmt":"2020-11-09T16:07:00","slug":"fadhel-kraiem-une-strategie-densemble-est-urgente-pour-le-teleenseignement","status":"publish","type":"post","link":"https:\/\/linitiative.ca\/International\/fadhel-kraiem-une-strategie-densemble-est-urgente-pour-le-teleenseignement\/","title":{"rendered":"Fadhel Kraiem: une strat\u00e9gie d\u2019ensemble est urgente pour le t\u00e9l\u00e9enseignement"},"content":{"rendered":"<p><span class=\"c3\"><span class=\"c2\"><strong>Beaucoup plus d\u2019initiatives personnelles que d\u2019actions concert\u00e9es: n\u2019avez-vous pas l\u2019impression que la Tunisie n\u2019\u00e9tait pr\u00e9par\u00e9e pour le t\u00e9l\u00e9enseignement ?<\/strong><\/span><\/span><\/p>\n<p><img decoding=\"async\" src=\"\/uploads\/FCK_files\/Fadhel-Kraiem-30--09-20-(29).jpg\" width=\"30%\" vspace=\"5\" hspace=\"5\" align=\"right\" alt=\"\"\/>Il faut dire que ce n\u2019est pas une chose facile ! L\u2019effet de surprise a d\u00fb nous conduire \u00e0 d\u00e9ployer tr\u00e8s rapidement des solutions pr\u00eates. S\u2019il n\u2019y a pas eu de mise en \u0153uvre structur\u00e9e, g\u00e9n\u00e9ralis\u00e9e et \u00e9tendue \u00e0 tous les secteurs \u00e9conomiques, tous les niveaux de l\u2019enseignement et toutes les fili\u00e8res.<\/p>\n<p>Pour le t\u00e9l\u00e9enseignement, la mise a \u00e9t\u00e9 sauv\u00e9e, en cette fin d\u2019ann\u00e9e universitaire, pour l\u2019enseignement sup\u00e9rieur, du moins pour les \u00e9tablissements dot\u00e9s de fibre optique. Au total, 117.000 \u00e9tudiants, soit 60% de l\u2019effectif total, et 12.000 enseignants ont pu acc\u00e9der aux plateformes d\u00e9di\u00e9es. La gratuit\u00e9 accord\u00e9e par les op\u00e9rateurs de t\u00e9l\u00e9coms et les efforts de l\u2019Universit\u00e9 virtuelle et des autres institutions ont \u00e9t\u00e9 utiles. La solidarit\u00e9 num\u00e9rique pour mettre \u00e0 disposition des ordinateurs et des connexions internet, la camaraderie entre \u00e9tudiants pour \u00e9changer des cours, et le soutien des enseignants ont jou\u00e9 un r\u00f4le appr\u00e9ciable. Mais d\u2019autres probl\u00e8mes subsistent.<\/p>\n<p><span class=\"c2\"><span class=\"c3\"><strong>Est-ce le cas pour l\u2019enseignement primaire et secondaire?<\/strong><\/span><\/span><\/p>\n<p>Absolument. C\u2019est le grand d\u00e9fi \u00e0 relever. Des modules appropri\u00e9s sont indispensables. Il y a d\u2019abord le taux de p\u00e9n\u00e9tration en internet fixe qui reste \u00e0 52% des foyers, sans que toutes les connexions soient en haut d\u00e9bit. Le taux d\u2019\u00e9quipement en ordinateurs, imprimantes et scanners reste lui aussi \u00e0 accro\u00eetre.<\/p>\n<p>Une strat\u00e9gie nationale est indispensable d\u2019urgence. Je suis absolument dispos\u00e9 \u00e0 y engager le minist\u00e8re aux c\u00f4t\u00e9s des autres d\u00e9partements et organismes concern\u00e9s. Le secteur priv\u00e9, comme la soci\u00e9t\u00e9 civile et les familles sont appel\u00e9s \u00e0 y concourir.<\/p>\n<p><strong>Lire aussi<\/strong><\/p>\n<p><a href=\"https:\/\/www.leaders.com.tn\/article\/30854-mohamed-fadhel-kraiem-monter-au-creneau-pour-un-enjeu-pays\" target=\"_blank\" rel=\"noopener noreferrer\">Mohamed Fadhel Kraiem: Monter au cr\u00e9neau pour un enjeu pays<\/a><\/p>\n<p><a href=\"https:\/\/www.leaders.com.tn\/article\/30874-fadhel-kraiem-sous-covid-19-le-secteur-numerique-a-ete-fantastique\" target=\"_blank\" rel=\"noopener noreferrer\">Fadhel Kraiem: Sous Covid-19, le secteur num\u00e9rique a \u00e9t\u00e9 fantastique<\/a><\/p>\n<p><a href=\"https:\/\/www.leaders.com.tn\/article\/30873-fadhel-kraiem-ministre-des-technologies-de-la-communication-acceleration-digitale-le-plan-et-les-mesures\" target=\"_blank\" rel=\"noopener noreferrer\">Fadhel Kraiem, Ministre des Technologies de la communication: Acc\u00e9l\u00e9ration digitale, le plan et les mesures<\/a><\/p>\n<p class=\"c4\"><strong><a href=\"https:\/\/www.leaders.com.tn\/le_mensuel_abonnez_vous\" target=\"_blank\" rel=\"noopener noreferrer\"><img loading=\"lazy\" decoding=\"async\" src=\"\/uploads\/FCK_files\/Bondou(12).jpg\" alt=\"\" width=\"500\" vspace=\"5\" hspace=\"5\" height=\"128\" align=\"middle\"\/><\/a><\/strong><\/p>\n<p>Auteur:<br \/>\n<a href=\"https:\/\/www.leaders.com.tn\/article\/30895-fadhel-kraiem-une-strategie-d-ensemble-est-urgente-pour-le-teleenseignement\">Cliquez ici pour lire l&rsquo;article depuis sa source.<\/a><\/p>\n","protected":false},"excerpt":{"rendered":"<p>Beaucoup plus d\u2019initiatives personnelles que d\u2019actions concert\u00e9es: n\u2019avez-vous pas l\u2019impression que la Tunisie n\u2019\u00e9tait pr\u00e9par\u00e9e pour le t\u00e9l\u00e9enseignement ? Il faut dire que ce n\u2019est pas une chose facile ! L\u2019effet de surprise a d\u00fb nous conduire \u00e0 d\u00e9ployer tr\u00e8s rapidement des solutions pr\u00eates. S\u2019il n\u2019y a pas eu de mise en \u0153uvre structur\u00e9e, g\u00e9n\u00e9ralis\u00e9e [&hellip;]<\/p>\n","protected":false},"author":1772,"featured_media":104214,"comment_status":"closed","ping_status":"closed","sticky":false,"template":"","format":"standard","meta":{"fifu_image_url":"","fifu_image_alt":"","footnotes":""},"categories":[73,55],"tags":[],"class_list":["post-104213","post","type-post","status-publish","format-standard","has-post-thumbnail","hentry","category-actualite","category-tunisie"],"_links":{"self":[{"href":"https:\/\/linitiative.ca\/International\/wp-json\/wp\/v2\/posts\/104213","targetHints":{"allow":["GET"]}}],"collection":[{"href":"https:\/\/linitiative.ca\/International\/wp-json\/wp\/v2\/posts"}],"about":[{"href":"https:\/\/linitiative.ca\/International\/wp-json\/wp\/v2\/types\/post"}],"author":[{"embeddable":true,"href":"https:\/\/linitiative.ca\/International\/wp-json\/wp\/v2\/users\/1772"}],"replies":[{"embeddable":true,"href":"https:\/\/linitiative.ca\/International\/wp-json\/wp\/v2\/comments?post=104213"}],"version-history":[{"count":0,"href":"https:\/\/linitiative.ca\/International\/wp-json\/wp\/v2\/posts\/104213\/revisions"}],"wp:featuredmedia":[{"embeddable":true,"href":"https:\/\/linitiative.ca\/International\/wp-json\/"}],"wp:attachment":[{"href":"https:\/\/linitiative.ca\/International\/wp-json\/wp\/v2\/media?parent=104213"}],"wp:term":[{"taxonomy":"category","embeddable":true,"href":"https:\/\/linitiative.ca\/International\/wp-json\/wp\/v2\/categories?post=104213"},{"taxonomy":"post_tag","embeddable":true,"href":"https:\/\/linitiative.ca\/International\/wp-json\/wp\/v2\/tags?post=104213"}],"curies":[{"name":"wp","href":"https:\/\/api.w.org\/{rel}","templated":true}]}}