{"id":104215,"date":"2020-11-09T11:40:00","date_gmt":"2020-11-09T16:40:00","guid":{"rendered":"https:\/\/linitiative.ca\/International\/rapport-de-la-cour-des-comptes-comment-kais-saied-a-rafle-la-presidence-de-la-republique-a-un-cout-symbolique-de-30-millimes-la-voix\/"},"modified":"2020-11-09T11:40:00","modified_gmt":"2020-11-09T16:40:00","slug":"rapport-de-la-cour-des-comptes-comment-kais-saied-a-rafle-la-presidence-de-la-republique-a-un-cout-symbolique-de-30-millimes-la-voix","status":"publish","type":"post","link":"https:\/\/linitiative.ca\/International\/rapport-de-la-cour-des-comptes-comment-kais-saied-a-rafle-la-presidence-de-la-republique-a-un-cout-symbolique-de-30-millimes-la-voix\/","title":{"rendered":"Rapport de la Cour des comptes : Comment Kais Sa\u00efed a rafl\u00e9 la pr\u00e9sidence de la R\u00e9publique \u00e0 un co\u00fbt symbolique de 30 millimes la voix"},"content":{"rendered":"<p>Foisonnant de donn\u00e9es \u00e9difiantes, le rapport de la Cour des comptes sur le financement de la campagne \u00e9lectorale pour la pr\u00e9sidentielle anticip\u00e9e, en deux tours, de septembre \u2013 octobre 2019 est utile \u00e0 consulter. Les diff\u00e9rents indicateurs mentionn\u00e9s, sur la fois des d\u00e9clarations des 26 candidats au premier tour et des deux finalistes, affichent nombre de manquements relev\u00e9s, bien qu\u2019ils soient mieux compl\u00e9t\u00e9s que ceux de 2014.<\/p>\n<p>Au total, les d\u00e9penses d\u00e9clar\u00e9es \u00e0 la Cour des comptes, selon son <a href=\"\/uploads\/FCK_files\/rapport_election.pdf\">rapport<\/a>, se sont \u00e9lev\u00e9es \u00e0 <span class=\"c2\"><strong>6.670.841 dinars.<\/strong><\/span> Elles sont en hausse de 40% par rapport \u00e0 2014 dont les montants officiellement d\u00e9clar\u00e9s \u00e9taient de 3.999.130 D. En 2019, les fonds propres consentis par les candidats ont atteint 1.663.910 D soit 15% du total. Le reste a \u00e9t\u00e9 fourni par d\u2019autres financements obtenus.<\/p>\n<p>Le vainqueur de l\u2019\u00e9lection pr\u00e9sidentielle, Kais Sa\u00efed n\u2019y a pas apport\u00e9 \u00e0 titre personnel le moindre dinar. Plus encore, le montant total de ses d\u00e9penses d\u00e9clar\u00e9es n\u2019a \u00e9t\u00e9 que de <strong><span class=\"c2\">18.965 D 252 au premier tour et&#8230; 36D004 au deuxi\u00e8me<\/span><\/strong>.<\/p>\n<p>Un indicateur plus utile est sans doute celui du co\u00fbt du suffrage obtenu. Le co\u00fbt moyen se situe \u00e0 hauteur d 1D980 par voix r\u00e9colt\u00e9e. L\u2019\u00e9cart est cependant grand. <strong><span class=\"c2\">Le co\u00fbt le plus bas revient \u00e0 Kais Sa\u00efed, avec un montant de 0D030 millimes le suffrage<\/span><\/strong> alors que le plus \u00e9lev\u00e9 est celui de la campagne de Mohsen Marzouk, affichant 39D808.<\/p>\n<p>Transparence des comptes, financements ext\u00e9rieurs, emploi des ressources, utilisation de la publicit\u00e9 politique dans les m\u00e9dias, recours au lobbying et autres pratiques sont pass\u00e9s au peigne fin de la Cour. Les manquements et infractions sont nombreuses, sans pour autant entacher le verdict des urnes.<\/p>\n<p><a href=\"\/uploads\/FCK_files\/rapport_election.pdf\">T\u00e9l\u00e9charger le rapport int\u00e9gral<\/a><\/p>\n<p>Auteur:<br \/>\n<a href=\"https:\/\/www.leaders.com.tn\/article\/30896-rapport-de-la-cour-des-comptes-comment-kais-saied-a-rafle-la-presidence-de-la-republique-a-un-cout-symbolique-de-30-millimes-la-voix\">Cliquez ici pour lire l&rsquo;article depuis sa source.<\/a><\/p>\n","protected":false},"excerpt":{"rendered":"<p>Foisonnant de donn\u00e9es \u00e9difiantes, le rapport de la Cour des comptes sur le financement de la campagne \u00e9lectorale pour la pr\u00e9sidentielle anticip\u00e9e, en deux tours, de septembre \u2013 octobre 2019 est utile \u00e0 consulter. Les diff\u00e9rents indicateurs mentionn\u00e9s, sur la fois des d\u00e9clarations des 26 candidats au premier tour et des deux finalistes, affichent nombre [&hellip;]<\/p>\n","protected":false},"author":1772,"featured_media":0,"comment_status":"closed","ping_status":"closed","sticky":false,"template":"","format":"standard","meta":{"fifu_image_url":"","fifu_image_alt":"","footnotes":""},"categories":[73,55],"tags":[],"class_list":["post-104215","post","type-post","status-publish","format-standard","hentry","category-actualite","category-tunisie"],"_links":{"self":[{"href":"https:\/\/linitiative.ca\/International\/wp-json\/wp\/v2\/posts\/104215","targetHints":{"allow":["GET"]}}],"collection":[{"href":"https:\/\/linitiative.ca\/International\/wp-json\/wp\/v2\/posts"}],"about":[{"href":"https:\/\/linitiative.ca\/International\/wp-json\/wp\/v2\/types\/post"}],"author":[{"embeddable":true,"href":"https:\/\/linitiative.ca\/International\/wp-json\/wp\/v2\/users\/1772"}],"replies":[{"embeddable":true,"href":"https:\/\/linitiative.ca\/International\/wp-json\/wp\/v2\/comments?post=104215"}],"version-history":[{"count":0,"href":"https:\/\/linitiative.ca\/International\/wp-json\/wp\/v2\/posts\/104215\/revisions"}],"wp:attachment":[{"href":"https:\/\/linitiative.ca\/International\/wp-json\/wp\/v2\/media?parent=104215"}],"wp:term":[{"taxonomy":"category","embeddable":true,"href":"https:\/\/linitiative.ca\/International\/wp-json\/wp\/v2\/categories?post=104215"},{"taxonomy":"post_tag","embeddable":true,"href":"https:\/\/linitiative.ca\/International\/wp-json\/wp\/v2\/tags?post=104215"}],"curies":[{"name":"wp","href":"https:\/\/api.w.org\/{rel}","templated":true}]}}