{"id":104222,"date":"2020-11-09T05:00:00","date_gmt":"2020-11-09T10:00:00","guid":{"rendered":"https:\/\/linitiative.ca\/International\/maudite-pandemie-qui-brouille-bien-des-cartes\/"},"modified":"2020-11-09T05:00:00","modified_gmt":"2020-11-09T10:00:00","slug":"maudite-pandemie-qui-brouille-bien-des-cartes","status":"publish","type":"post","link":"https:\/\/linitiative.ca\/International\/maudite-pandemie-qui-brouille-bien-des-cartes\/","title":{"rendered":"Maudite pand\u00e9mie qui brouille bien des cartes !"},"content":{"rendered":"<p class=\"c4\">Comment le thermom\u00e8tre fait-il la diff\u00e9rence entre une temp\u00e9rature \u00e9lev\u00e9e parce qu\u2019on a une angine ordinaire et une fi\u00e8vre due au coronavirus ? Je me pose ce genre de questions en pensant au ministre de la Sant\u00e9 qui annonce \u00e0 chaque fois qu\u2019il estime devoir rassurer \u2014 on se demande bien pourquoi et pour servir quelle cause \u2014 que le confinement n\u2019est pas \u00e0 l\u2019ordre du jour. Pourquoi ne pas choquer pour convaincre que le corona meurtrier est bel et bien l\u00e0 et qu\u2019il ne dispara\u00eetra pas parce que l\u2019on en minimise les effets ? Le probl\u00e8me essentiel auquel le minist\u00e8re de la Sant\u00e9, mais pas que lui, fait face, c\u2019est la situation et l\u2019\u00e9tat de d\u00e9gradation avanc\u00e9 des structures sanitaires qui, certes, ne sont plus film\u00e9es et mises en ligne sur les r\u00e9seaux sociaux, mais ne causent pas moins les d\u00e9g\u00e2ts que l\u2019on sait. Traduire en justice ou emprisonner les auteurs n\u2019aide en rien \u00e0 conscientiser une population qui rumine sa col\u00e8re en attendant de renouer avec la rue pour l\u2019exprimer, de nouveau, \u00e0 haute voix. Pour l\u2019instant, les Alg\u00e9riens semblent vouloir r\u00e9sister en m\u00e9prisant les recommandations de l\u2019administration. Et pourtant ! La communaut\u00e9 m\u00e9dicale d\u2019ici et d\u2019ailleurs fait ce qu\u2019elle peut pour convaincre et alerter sur le fait que le virus dont on peine \u00e0 contenir l\u2019activit\u00e9 d\u00e9cime l\u00e0 o\u00f9 il passe et p\u00e9n\u00e8tre jusqu\u2019aux foyers les plus calfeutr\u00e9s. Mais ce sont, certainement, tous ces discours qui se contredisent all\u00e8grement et d\u00e9montrent que l\u2019on g\u00e8re la question au jour le jour, qui s\u00e8ment le plus le doute, y compris dans les esprits pr\u00eats \u00e0 applaudir une explication et son contraire. Aujourd\u2019hui, on r\u00e9alise enfin que le danger est r\u00e9el et l\u2019affolement semble avoir gagn\u00e9 au plus haut niveau.\u00a0<br \/>Tout le monde se convertit \u00e0 la pr\u00e9vention quand, il y a quelques semaines \u00e0 peine, une partie du corps m\u00e9dical vivait dans le d\u00e9ni et suspectait les confr\u00e8res qui appelaient \u00e0 la vigilance de porter pr\u00e9judice \u00e0 la corporation. Des praticiens que l\u2019on a injustement accus\u00e9s de miner le moral des Alg\u00e9riens, et qui ne d\u00e9sesp\u00e9raient pas d\u2019\u00eatre, un jour, pris au s\u00e9rieux par leur tutelle et par ceux qui si\u00e8gent au sommet de l\u2019Etat.\u00a0<br \/>All\u00e9luia !<br \/><em><strong>M. B.\u00a0\u00a0<\/strong><\/em><\/p>\n<p>Auteur:<br \/>\n<a href=\"https:\/\/www.lesoirdalgerie.com\/soit-dit-en-passant\/maudite-pandemie-qui-brouille-bien-des-cartes-51102\">Cliquez ici pour lire l&rsquo;article depuis sa source.<\/a><\/p>\n","protected":false},"excerpt":{"rendered":"<p>Comment le thermom\u00e8tre fait-il la diff\u00e9rence entre une temp\u00e9rature \u00e9lev\u00e9e parce qu\u2019on a une angine ordinaire et une fi\u00e8vre due au coronavirus ? Je me pose ce genre de questions en pensant au ministre de la Sant\u00e9 qui annonce \u00e0 chaque fois qu\u2019il estime devoir rassurer \u2014 on se demande bien pourquoi et pour servir [&hellip;]<\/p>\n","protected":false},"author":1741,"featured_media":0,"comment_status":"closed","ping_status":"closed","sticky":false,"template":"","format":"standard","meta":{"fifu_image_url":"","fifu_image_alt":"","footnotes":""},"categories":[73,53],"tags":[],"class_list":["post-104222","post","type-post","status-publish","format-standard","hentry","category-actualite","category-algerie"],"_links":{"self":[{"href":"https:\/\/linitiative.ca\/International\/wp-json\/wp\/v2\/posts\/104222","targetHints":{"allow":["GET"]}}],"collection":[{"href":"https:\/\/linitiative.ca\/International\/wp-json\/wp\/v2\/posts"}],"about":[{"href":"https:\/\/linitiative.ca\/International\/wp-json\/wp\/v2\/types\/post"}],"author":[{"embeddable":true,"href":"https:\/\/linitiative.ca\/International\/wp-json\/wp\/v2\/users\/1741"}],"replies":[{"embeddable":true,"href":"https:\/\/linitiative.ca\/International\/wp-json\/wp\/v2\/comments?post=104222"}],"version-history":[{"count":0,"href":"https:\/\/linitiative.ca\/International\/wp-json\/wp\/v2\/posts\/104222\/revisions"}],"wp:attachment":[{"href":"https:\/\/linitiative.ca\/International\/wp-json\/wp\/v2\/media?parent=104222"}],"wp:term":[{"taxonomy":"category","embeddable":true,"href":"https:\/\/linitiative.ca\/International\/wp-json\/wp\/v2\/categories?post=104222"},{"taxonomy":"post_tag","embeddable":true,"href":"https:\/\/linitiative.ca\/International\/wp-json\/wp\/v2\/tags?post=104222"}],"curies":[{"name":"wp","href":"https:\/\/api.w.org\/{rel}","templated":true}]}}